{"id":9583,"date":"2024-11-23T19:39:23","date_gmt":"2024-11-23T22:39:23","guid":{"rendered":"https:\/\/partediario.com.ar\/?p=9583"},"modified":"2024-11-24T13:10:09","modified_gmt":"2024-11-24T16:10:09","slug":"sobre-el-gordo-dan-es-un-estafador-serial-destaco-paoltroni","status":"publish","type":"post","link":"https:\/\/partediario.com.ar\/?p=9583","title":{"rendered":"Sobre el \u00abGordo Dan\u00bb: \u00abEs un estafador serial\u00bb, destac\u00f3 Paoltroni"},"content":{"rendered":"\n<h3 class=\"wp-block-heading\">El senador del bloque Libertad, Trabajo y Progreso Francisco Paoltroni afirm\u00f3 hoy que el empresario e influencer libertario Daniel Parisini, es un \u201cestafador serial\u00bb.<\/h3>\n\n\n\n<p>De este modo, Paoltroni cuestion\u00f3 nuevamente a Parisini, quien ocupa un rol importante en las comunicaciones del oficialismo.<\/p>\n\n\n\n<p>Adem\u00e1s, el senador se\u00f1al\u00f3 que le va a presentar un proyecto al presidente Javier Milei para \u201cintervenir\u201d la provincia de Formosa.<\/p>\n\n\n\n<p>\u00abNosotros fundamos un partido pol\u00edtico en Formosa para competir con Insfr\u00e1n\u00bb, dijo Paoltroni en declaraciones radiales.<\/p>\n\n\n\n<p>El legislador precis\u00f3 adem\u00e1s que nunca pidi\u00f3 que lo \u201cbajen\u201d del bloque libertario. \u00abEl quiebre fue cuando me enter\u00e9 que (el juez federal Ariel) Lijo iba a la Corte Suprema a salvar a Insfr\u00e1n\u00bb, destac\u00f3.<\/p>\n\n\n\n<p>Finalizando, el ex integrante del bloque liberal en el Senado se\u00f1al\u00f3 que \u201ctoda la clase pol\u00edtica que estuvo en el poder en los \u00faltimos 20 a\u00f1os est\u00e1 hasta las manos con la justicia\u00bb.<\/p>\n","protected":false},"excerpt":{"rendered":"<p>El senador del bloque Libertad, Trabajo y Progreso Francisco Paoltroni afirm&oacute; hoy que el empresario e influencer libertario Daniel Parisini, es un &ldquo;estafador serial&raquo;. De este modo, Paoltroni cuestion&oacute; nuevamente a Parisini, quien ocupa un rol importante en las comunicaciones del oficialismo. Adem&aacute;s, el senador se&ntilde;al&oacute; que le va a presentar un proyecto al presidente [&hellip;]<\/p>\n","protected":false},"author":2,"featured_media":9584,"comment_status":"open","ping_status":"open","sticky":false,"template":"","format":"standard","meta":{"footnotes":""},"categories":[5,176],"tags":[4345,3374,2880,3507,4344,232],"class_list":["post-9583","post","type-post","status-publish","format-standard","has-post-thumbnail","hentry","category-nacionales","category-politica","tag-daniel-parisini","tag-formosa","tag-francisco-paoltroni","tag-gildo-insfran","tag-gordo-dan","tag-javier-milei"],"_links":{"self":[{"href":"https:\/\/partediario.com.ar\/index.php?rest_route=\/wp\/v2\/posts\/9583","targetHints":{"allow":["GET"]}}],"collection":[{"href":"https:\/\/partediario.com.ar\/index.php?rest_route=\/wp\/v2\/posts"}],"about":[{"href":"https:\/\/partediario.com.ar\/index.php?rest_route=\/wp\/v2\/types\/post"}],"author":[{"embeddable":true,"href":"https:\/\/partediario.com.ar\/index.php?rest_route=\/wp\/v2\/users\/2"}],"replies":[{"embeddable":true,"href":"https:\/\/partediario.com.ar\/index.php?rest_route=%2Fwp%2Fv2%2Fcomments&post=9583"}],"version-history":[{"count":1,"href":"https:\/\/partediario.com.ar\/index.php?rest_route=\/wp\/v2\/posts\/9583\/revisions"}],"predecessor-version":[{"id":9585,"href":"https:\/\/partediario.com.ar\/index.php?rest_route=\/wp\/v2\/posts\/9583\/revisions\/9585"}],"wp:featuredmedia":[{"embeddable":true,"href":"https:\/\/partediario.com.ar\/index.php?rest_route=\/wp\/v2\/media\/9584"}],"wp:attachment":[{"href":"https:\/\/partediario.com.ar\/index.php?rest_route=%2Fwp%2Fv2%2Fmedia&parent=9583"}],"wp:term":[{"taxonomy":"category","embeddable":true,"href":"https:\/\/partediario.com.ar\/index.php?rest_route=%2Fwp%2Fv2%2Fcategories&post=9583"},{"taxonomy":"post_tag","embeddable":true,"href":"https:\/\/partediario.com.ar\/index.php?rest_route=%2Fwp%2Fv2%2Ftags&post=9583"}],"curies":[{"name":"wp","href":"https:\/\/api.w.org\/{rel}","templated":true}]}}