{"id":9586,"date":"2024-11-23T19:44:25","date_gmt":"2024-11-23T22:44:25","guid":{"rendered":"https:\/\/partediario.com.ar\/?p=9586"},"modified":"2024-11-23T19:44:26","modified_gmt":"2024-11-23T22:44:26","slug":"siniestro-vial-en-altas-cumbres-un-mujer-se-quedo-dormida-mientras-manejaba-volco-y-murio","status":"publish","type":"post","link":"https:\/\/partediario.com.ar\/?p=9586","title":{"rendered":"Siniestro vial en Altas Cumbres: un mujer se qued\u00f3 dormida mientras manejaba, volc\u00f3 y muri\u00f3"},"content":{"rendered":"\n<h3 class=\"wp-block-heading\">Una mujer de 58 a\u00f1os se qued\u00f3 dormida mientras manejaba, volc\u00f3 el veh\u00edculo y muri\u00f3, mientras que su acompa\u00f1ante de 22 a\u00f1os solo sufri\u00f3 algunas heridas superficiales.<\/h3>\n\n\n\n<p>El accidente vial sucedi\u00f3 este viernes por la ma\u00f1ana, en el kil\u00f3metro 53 de la ruta E-34 del Camino de las Altas Cumbres, en la provincia de C\u00f3rdoba, cuando las dos ocupantes de una Renault Duster se quedaron dormidas mientras circulaban.<\/p>\n\n\n\n<p>Debido a la situaci\u00f3n chocaron la banquina y dieron varios tumbos a la altura del ingreso al Parque Nacional El Condorito, en el parador El C\u00f3ndor. Lo que ocasion\u00f3 que el auto finalmente quedara con las ruedas hacia arriba.<\/p>\n\n\n\n<p>Pocos minutos despu\u00e9s del accidente vial, la mujer fue hallada sin vida y los m\u00e9dicos del SAME trasladaron a la acompa\u00f1ante al hospital de la ciudad de Mina Clavero con traumatismos en el rostro.<\/p>\n","protected":false},"excerpt":{"rendered":"<p>Una mujer de 58 a&ntilde;os se qued&oacute; dormida mientras manejaba, volc&oacute; el veh&iacute;culo y muri&oacute;, mientras que su acompa&ntilde;ante de 22 a&ntilde;os solo sufri&oacute; algunas heridas superficiales. El accidente vial sucedi&oacute; este viernes por la ma&ntilde;ana, en el kil&oacute;metro 53 de la ruta E-34 del Camino de las Altas Cumbres, en la provincia de C&oacute;rdoba, [&hellip;]<\/p>\n","protected":false},"author":2,"featured_media":9587,"comment_status":"open","ping_status":"open","sticky":false,"template":"","format":"standard","meta":{"footnotes":""},"categories":[7,8],"tags":[443,4347,445],"class_list":["post-9586","post","type-post","status-publish","format-standard","has-post-thumbnail","hentry","category-policiales","category-provinciales","tag-accidente","tag-altas-cumbres","tag-fatal"],"_links":{"self":[{"href":"https:\/\/partediario.com.ar\/index.php?rest_route=\/wp\/v2\/posts\/9586","targetHints":{"allow":["GET"]}}],"collection":[{"href":"https:\/\/partediario.com.ar\/index.php?rest_route=\/wp\/v2\/posts"}],"about":[{"href":"https:\/\/partediario.com.ar\/index.php?rest_route=\/wp\/v2\/types\/post"}],"author":[{"embeddable":true,"href":"https:\/\/partediario.com.ar\/index.php?rest_route=\/wp\/v2\/users\/2"}],"replies":[{"embeddable":true,"href":"https:\/\/partediario.com.ar\/index.php?rest_route=%2Fwp%2Fv2%2Fcomments&post=9586"}],"version-history":[{"count":1,"href":"https:\/\/partediario.com.ar\/index.php?rest_route=\/wp\/v2\/posts\/9586\/revisions"}],"predecessor-version":[{"id":9588,"href":"https:\/\/partediario.com.ar\/index.php?rest_route=\/wp\/v2\/posts\/9586\/revisions\/9588"}],"wp:featuredmedia":[{"embeddable":true,"href":"https:\/\/partediario.com.ar\/index.php?rest_route=\/wp\/v2\/media\/9587"}],"wp:attachment":[{"href":"https:\/\/partediario.com.ar\/index.php?rest_route=%2Fwp%2Fv2%2Fmedia&parent=9586"}],"wp:term":[{"taxonomy":"category","embeddable":true,"href":"https:\/\/partediario.com.ar\/index.php?rest_route=%2Fwp%2Fv2%2Fcategories&post=9586"},{"taxonomy":"post_tag","embeddable":true,"href":"https:\/\/partediario.com.ar\/index.php?rest_route=%2Fwp%2Fv2%2Ftags&post=9586"}],"curies":[{"name":"wp","href":"https:\/\/api.w.org\/{rel}","templated":true}]}}