{"id":9592,"date":"2024-11-24T12:40:41","date_gmt":"2024-11-24T15:40:41","guid":{"rendered":"https:\/\/partediario.com.ar\/?p=9592"},"modified":"2024-11-25T12:00:53","modified_gmt":"2024-11-25T15:00:53","slug":"malestar-en-la-casa-rosada-con-los-influencers-libertarios-por-las-fuertes-criticas-sobre-el-anuncio-del-brazo-armado","status":"publish","type":"post","link":"https:\/\/partediario.com.ar\/?p=9592","title":{"rendered":"Malestar en la Casa Rosada con los influencers libertarios por las fuertes cr\u00edticas sobre el anuncio del \u00abbrazo armado\u00bb"},"content":{"rendered":"\n<h3 class=\"wp-block-heading\">El cuestionamiento medi\u00e1tico y en redes que despert\u00f3 el anuncio del \u201cbrazo armado\u201d de La Libertad Avanza, a cargo del influencer libertario, Daniel Parisini, mejor conocido por el usuario de su cuenta de X como \u201cEl Gordo Dan, gener\u00f3 fuerte malestar de la secretaria general de la Presidencia, Karina Milei.<\/h3>\n\n\n\n<p>\u201cNo era necesario. La inflaci\u00f3n baja, el riesgo Pa\u00eds se desploma y los indicadores est\u00e1n dando bien. \u00bfPara qu\u00e9 levantar el perfil?\u201d, expresaron desde el entorno de la funcionaria m\u00e1s importante del Poder Ejecutivo, la que se encarga de velar por el bienestar del presidente Javier Milei.<\/p>\n\n\n\n<p>No es la primera vez que Karina Milei debe pedir mesura a los soldados virtuales que responden al asesor presidencial, Santiago Caputo, una de las patas de la mesa, de lo que el presidente defini\u00f3 como \u201cel tri\u00e1ngulo de hierro\u201d. Sin embargo en el Gobierno atribuyen el anuncio a un \u201csobregiro\u201d de los j\u00f3venes, y prefieren dejar a Caputo al margen al sostener que no creen que haya estado involucrado en la decisi\u00f3n.<\/p>\n\n\n\n<p>Si bien se baraj\u00f3 la presencia de la menor de los Milei en el lanzamiento de Las Fuerzas del Cielo, una agrupaci\u00f3n libertaria juvenil libertaria que festej\u00f3 su primer acto el pasado s\u00e1bado en la localidad bonaerense de San Miguel, por cuestiones de agenda, suspendi\u00f3 su asistencia. \u201cMenos mal que no fue\u201d, expresaron dentro de la Casa Rosada.<\/p>\n\n\n\n<p>A varios de los autodenominados \u201cgordos\u201d que libran -con sus matices- la batalla cultural en redes los definen como \u201cadolescentes\u201d a los que hay que tratar como tales, y desentramar los motivos que los llevaron a tomar la decisi\u00f3n de abrir un nuevo foco de conflicto.<\/p>\n\n\n\n<p>Aquel 16 de noviembre, pod\u00eda identificarse a varios actores de la administraci\u00f3n libertaria en el centro de la escena te\u00f1ida por estandartes rojos, consignas resonantes y leyendas conservadoras. Dieron el presente diputado bonaerense Agust\u00edn Romo; el director nacional de Comunicaci\u00f3n Digital, Juan Pablo Carreira o mejor conocido como Juan Doe; el secretario de Culto y Civilizaci\u00f3n, Nahuel Sotelo; el diputado nacional Santiago Santurio; el subsecretario de Pol\u00edticas Universitarias, el \u00abProfe\u00bb Alejandro \u00c1lvarez; el titular de Intercargo, Lucas \u201cSagaz\u201d Luna, entre otros.<\/p>\n\n\n\n<p>Por los pasillos de Casa Rosada afirman que hubo intenciones de atribuirle al Gordo Dan el exabrupto del anuncio, que m\u00e1s all\u00e1 de su fidelidad y de haberse consolidado como un gran representante de las ideas en las redes, no cumple funciones p\u00fablicas, pero la presencia de funcionarios y legisladores no permiti\u00f3 avanzar en la estrategia, lo que potenci\u00f3 la causal del enojo de Karina.<\/p>\n\n\n\n<p>\u201cEl gordo es un profesional, tiene una capacidad intelectual elevada\u201d, subray\u00f3 un funcionario con despacho en Balcarce 50, en sinton\u00eda con lo expresado por el jefe de Gabinete, Guillermo Francos, quien a pesar de la pol\u00e9mica considera que Parisini tiene potenciales para ser candidato en las legislativas del 2025.<\/p>\n\n\n\n<p>No corren con la misma suerte el resto de los j\u00f3venes que lideran la ingenier\u00eda digital libertaria, a los que Karina Milei tiene en la mira por acumulaci\u00f3n de errores, por ejemplo, la vez que en una org\u00e1nica envidiable salieron en masa a jactarse del despido del entonces subsecretario de Deportes, Julio Garro, o la oportunidad en la que, en un paso en falso, celebraron el ataque de la vicepresidenta Victoria Villarruel a Francia, problem\u00e1tica que debi\u00f3 desentra\u00f1ar \u00abLa Jefa\u00bb. Por Sof\u00eda Rojas.<\/p>\n","protected":false},"excerpt":{"rendered":"<p>El cuestionamiento medi&aacute;tico y en redes que despert&oacute; el anuncio del &ldquo;brazo armado&rdquo; de La Libertad Avanza, a cargo del influencer libertario, Daniel Parisini, mejor conocido por el usuario de su cuenta de X como &ldquo;El Gordo Dan, gener&oacute; fuerte malestar de la secretaria general de la Presidencia, Karina Milei. &ldquo;No era necesario. La inflaci&oacute;n [&hellip;]<\/p>\n","protected":false},"author":2,"featured_media":9593,"comment_status":"open","ping_status":"open","sticky":false,"template":"","format":"standard","meta":{"footnotes":""},"categories":[5,7],"tags":[4351,1853,1461,4345,4344,263,4350],"class_list":["post-9592","post","type-post","status-publish","format-standard","has-post-thumbnail","hentry","category-nacionales","category-policiales","tag-brazo-armado","tag-casa-rosada","tag-criticas","tag-daniel-parisini","tag-gordo-dan","tag-karina-milei","tag-malestar"],"_links":{"self":[{"href":"https:\/\/partediario.com.ar\/index.php?rest_route=\/wp\/v2\/posts\/9592","targetHints":{"allow":["GET"]}}],"collection":[{"href":"https:\/\/partediario.com.ar\/index.php?rest_route=\/wp\/v2\/posts"}],"about":[{"href":"https:\/\/partediario.com.ar\/index.php?rest_route=\/wp\/v2\/types\/post"}],"author":[{"embeddable":true,"href":"https:\/\/partediario.com.ar\/index.php?rest_route=\/wp\/v2\/users\/2"}],"replies":[{"embeddable":true,"href":"https:\/\/partediario.com.ar\/index.php?rest_route=%2Fwp%2Fv2%2Fcomments&post=9592"}],"version-history":[{"count":1,"href":"https:\/\/partediario.com.ar\/index.php?rest_route=\/wp\/v2\/posts\/9592\/revisions"}],"predecessor-version":[{"id":9594,"href":"https:\/\/partediario.com.ar\/index.php?rest_route=\/wp\/v2\/posts\/9592\/revisions\/9594"}],"wp:featuredmedia":[{"embeddable":true,"href":"https:\/\/partediario.com.ar\/index.php?rest_route=\/wp\/v2\/media\/9593"}],"wp:attachment":[{"href":"https:\/\/partediario.com.ar\/index.php?rest_route=%2Fwp%2Fv2%2Fmedia&parent=9592"}],"wp:term":[{"taxonomy":"category","embeddable":true,"href":"https:\/\/partediario.com.ar\/index.php?rest_route=%2Fwp%2Fv2%2Fcategories&post=9592"},{"taxonomy":"post_tag","embeddable":true,"href":"https:\/\/partediario.com.ar\/index.php?rest_route=%2Fwp%2Fv2%2Ftags&post=9592"}],"curies":[{"name":"wp","href":"https:\/\/api.w.org\/{rel}","templated":true}]}}