{"id":9595,"date":"2024-11-24T12:51:32","date_gmt":"2024-11-24T15:51:32","guid":{"rendered":"https:\/\/partediario.com.ar\/?p=9595"},"modified":"2024-11-25T12:00:49","modified_gmt":"2024-11-25T15:00:49","slug":"de-loredo-se-alejo-de-la-decision-del-gobierno-que-plantea-la-eliminacion-de-las-paso","status":"publish","type":"post","link":"https:\/\/partediario.com.ar\/?p=9595","title":{"rendered":"De Loredo se alej\u00f3 de la decisi\u00f3n del gobierno que plantea la eliminaci\u00f3n de las PASO"},"content":{"rendered":"\n<h3 class=\"wp-block-heading\">El jefe de bloque del radicalismo, Rodrigo De Loredo, se alej\u00f3 de la decisi\u00f3n que busca la eliminaci\u00f3n de las elecciones Primarias, Abiertas, Simult\u00e1neas y Obligatorias (PASO) que propone el gobierno de Javier Milei, y habl\u00f3 sobre la posibilidad que el oficialismo haya entablado un acuerdo electoral con el kirchnerismo.<\/h3>\n\n\n\n<p>\u201cEl Gobierno hace tiempo quieren hacer reformas de este tipo. No s\u00e9 si es para alimentar el relato, que es su mayor \u00e9xitos, o para generar el debate y la discusi\u00f3n\u201d, expres\u00f3 en declaraciones radiales, y a\u00f1adi\u00f3: \u201cSer\u00eda tanto m\u00e1s grave que lo haga en connivencia con el peronismo\u00bb.<\/p>\n\n\n\n<p>Asimismo, destac\u00f3: \u201cA Cristina (Kirchner) tambi\u00e9n le sirve que no haya <strong>PASO<\/strong>, conduce el peronismo, tiene la lapicera y no quiere que le plantee una<strong> PASO<\/strong> Axel Kicillof. Si es algo coordinado s\u00ed que ser\u00eda grave\u201d.<\/p>\n\n\n\n<p>Indic\u00f3 que: \u201cNo doy cuenta de que sea as\u00ed, pero me doy cuenta de que el Gobierno est\u00e1 en una estrategia de hiper polarizarse con Cristina. Es muy efectivo. Va a traer grandes resultados electorales, pero el riesgo de que el futuro sea el pasado es muy concreto y real\u201d, anticip\u00f3 el radical en una entrevista period\u00edstica.<\/p>\n\n\n\n<p>A pesar de su rechazo, el legislador que defendi\u00f3 la herramienta electoral, afirm\u00f3 que aplicar\u00eda modificaciones para reducir los costos y simplificar las primarias. \u201cHay publicidad que satura, hay un mill\u00f3n de partidos, sellos de gomas, kioscos pol\u00edticos. Estoy de acuerdo en una agenda de reformas y mejor\u00eda, pero no estoy de acuerdo en eliminarlas porque ser\u00eda un retroceso\u201d, destac\u00f3.<\/p>\n\n\n\n<p>Adem\u00e1s afirm\u00f3 que polarizar con la dos veces mandataria implica grandes \u00e9xitos electorales en el corto plazo, pero advirti\u00f3 que \u201ccuando la gente se acostumbra a la estabilidad y empiece a pedir otra cosa, van a haber engordado a una dirigente que se sostiene con el 40% del electorado en Buenos Aires que es el 30% en el pa\u00eds, y ella ha salido a buscar el 15% en otro lado\u201d.<\/p>\n\n\n\n<p>\u201cSi la subestimas a Cristina sos un idiota. La dimos por muerta en 2015 y 2017 y lo puso Alberto, ahora baja con campera de jean a La Matanza\u201d, aount\u00f3.<\/p>\n\n\n\n<p>En otro pasaje de la entrevista, el legislador radical calific\u00f3 de \u201crara\u201d la sesi\u00f3n en el Congreso en la que se trat\u00f3 Ficha Limpia, y se mostr\u00f3 sorprendido de la actitud del titular de la C\u00e1mara de Diputados, Mart\u00edn Menem, en ejercicio de la coordinaci\u00f3n. \u201cNo me termin\u00f3 de llamar la atenci\u00f3n lo r\u00e1pido que fue el presidente de la C\u00e1mara en contabilizar los 30 minutos y cerrar r\u00e1pidamente\u201d, destac\u00f3.<\/p>\n\n\n\n<p>Y agreg\u00f3 que: \u201cSe ve\u00eda una predisposici\u00f3n a no tener tanta paciencia, a ver si efectivamente logr\u00e1bamos el quorum. Raro el proceso\u201d, insisti\u00f3 al tiempo que augur\u00f3 la pr\u00f3xima aprobaci\u00f3n del proyecto que dejar\u00eda a la exvicepresidenta fuera de competencia electoral por estar condenada en segunda instancia.<\/p>\n\n\n\n<p>Tambi\u00e9n celebr\u00f3 la batalla cultural que encarga el presidente Javier Milei, aunque se diferenci\u00f3 de lo que defini\u00f3 como \u201chuevadas\u201d, en referencia al rechazo de los libertarios al cambio clim\u00e1tico y a la agenda de g\u00e9nero. \u201cEsa extremidad discursiva no hace m\u00e1s que engordar a Cristina (Kirchner) en esta ultra polarizaci\u00f3n\u201d, expres\u00f3.<\/p>\n\n\n\n<p>\u00abTratamos de llevar una mirada de razonabilidad, acompa\u00f1ar para que la econom\u00eda se recupere, valorar eso y tenemos diferencias institucionales, con el relato ideol\u00f3gico, que es exagerado. Cuando te va bien en la econom\u00eda te licencias a decir lo que queres. Es como Colapinto que la rompe andando en auto entonces se pone de novio con la China Suarez. Si no anda bien en auto no creo que la China lo siguiera en Instagram\u00bb, ironiz\u00f3 De Loredo.<\/p>\n\n\n\n<p>Finalizando, critic\u00f3 a la conducci\u00f3n de la Uni\u00f3n C\u00edvica Radical (UCR), al sostener que son \u201chonestos intelectualmente\u201d, pero es muy err\u00e1ticos, y los acus\u00f3 de articular con el kirchnerismo. \u201cHay dos cosmovisiones, uno m\u00e1s centrista, no gobiernan nada, y una expresi\u00f3n del radicalismo del interior, con 5 gobiernos, 500 municipios\u201d, asegur\u00f3, y concluy\u00f3 diciendo que: \u201cJavier Milei ha sido una especie de Big Bang para el sistema pol\u00edtico argentino. El PRO est\u00e1 m\u00e1s acorralado que nosotros\u201d.<\/p>\n","protected":false},"excerpt":{"rendered":"<p>El jefe de bloque del radicalismo, Rodrigo De Loredo, se alej&oacute; de la decisi&oacute;n que busca la eliminaci&oacute;n de las elecciones Primarias, Abiertas, Simult&aacute;neas y Obligatorias (PASO) que propone el gobierno de Javier Milei, y habl&oacute; sobre la posibilidad que el oficialismo haya entablado un acuerdo electoral con el kirchnerismo. &ldquo;El Gobierno hace tiempo quieren [&hellip;]<\/p>\n","protected":false},"author":2,"featured_media":9596,"comment_status":"open","ping_status":"open","sticky":false,"template":"","format":"standard","meta":{"footnotes":""},"categories":[5,176],"tags":[1112,518,232,1294,3182],"class_list":["post-9595","post","type-post","status-publish","format-standard","has-post-thumbnail","hentry","category-nacionales","category-politica","tag-axel-kicillof","tag-cristina-kirchner","tag-javier-milei","tag-paso","tag-rodrigo-de-loredo"],"_links":{"self":[{"href":"https:\/\/partediario.com.ar\/index.php?rest_route=\/wp\/v2\/posts\/9595","targetHints":{"allow":["GET"]}}],"collection":[{"href":"https:\/\/partediario.com.ar\/index.php?rest_route=\/wp\/v2\/posts"}],"about":[{"href":"https:\/\/partediario.com.ar\/index.php?rest_route=\/wp\/v2\/types\/post"}],"author":[{"embeddable":true,"href":"https:\/\/partediario.com.ar\/index.php?rest_route=\/wp\/v2\/users\/2"}],"replies":[{"embeddable":true,"href":"https:\/\/partediario.com.ar\/index.php?rest_route=%2Fwp%2Fv2%2Fcomments&post=9595"}],"version-history":[{"count":1,"href":"https:\/\/partediario.com.ar\/index.php?rest_route=\/wp\/v2\/posts\/9595\/revisions"}],"predecessor-version":[{"id":9597,"href":"https:\/\/partediario.com.ar\/index.php?rest_route=\/wp\/v2\/posts\/9595\/revisions\/9597"}],"wp:featuredmedia":[{"embeddable":true,"href":"https:\/\/partediario.com.ar\/index.php?rest_route=\/wp\/v2\/media\/9596"}],"wp:attachment":[{"href":"https:\/\/partediario.com.ar\/index.php?rest_route=%2Fwp%2Fv2%2Fmedia&parent=9595"}],"wp:term":[{"taxonomy":"category","embeddable":true,"href":"https:\/\/partediario.com.ar\/index.php?rest_route=%2Fwp%2Fv2%2Fcategories&post=9595"},{"taxonomy":"post_tag","embeddable":true,"href":"https:\/\/partediario.com.ar\/index.php?rest_route=%2Fwp%2Fv2%2Ftags&post=9595"}],"curies":[{"name":"wp","href":"https:\/\/api.w.org\/{rel}","templated":true}]}}