{"id":9609,"date":"2024-11-25T11:41:41","date_gmt":"2024-11-25T14:41:41","guid":{"rendered":"https:\/\/partediario.com.ar\/?p=9609"},"modified":"2025-05-10T09:15:39","modified_gmt":"2025-05-10T12:15:39","slug":"alberto-fernandez-reclamo-la-nulidad-de-su-citacion-en-la-causa-seguros","status":"publish","type":"post","link":"https:\/\/partediario.com.ar\/?p=9609","title":{"rendered":"Alberto Fern\u00e1ndez reclam\u00f3 la nulidad de su citaci\u00f3n en la causa \u00abSeguros\u00bb"},"content":{"rendered":"\n<h3 class=\"wp-block-heading\">El ex presidente fue convocado para el mi\u00e9rcoles pr\u00f3ximo, seg\u00fan informaron fuentes judiciales.<\/h3>\n\n\n\n<p>El ex presidente Alberto Fern\u00e1ndez reclam\u00f3 hoy la \u00abnulidad\u00bb de su citaci\u00f3n a declaraci\u00f3n indagatoria en la causa Seguros en la cual fue convocado para el mi\u00e9rcoles pr\u00f3ximo, informaron fuentes judiciales.<\/p>\n\n\n\n<p>A partir de este reclamo judicial, el juez federal Juli\u00e1n Ercolini tendr\u00e1 que decidir si hace lugar al planteo o deja firme esa convocatoria.<\/p>\n\n\n\n<p>Noticias en desarrollo\u2026<\/p>\n","protected":false},"excerpt":{"rendered":"<p>El ex presidente fue convocado para el mi&eacute;rcoles pr&oacute;ximo, seg&uacute;n informaron fuentes judiciales. El ex presidente Alberto Fern&aacute;ndez reclam&oacute; hoy la &laquo;nulidad&raquo; de su citaci&oacute;n a declaraci&oacute;n indagatoria en la causa Seguros en la cual fue convocado para el mi&eacute;rcoles pr&oacute;ximo, informaron fuentes judiciales. A partir de este reclamo judicial, el juez federal Juli&aacute;n Ercolini [&hellip;]<\/p>\n","protected":false},"author":2,"featured_media":9610,"comment_status":"open","ping_status":"open","sticky":false,"template":"","format":"standard","meta":{"footnotes":""},"categories":[979,5],"tags":[517,4359,4095,3956,2392],"class_list":["post-9609","post","type-post","status-publish","format-standard","has-post-thumbnail","hentry","category-judiciales","category-nacionales","tag-alberto-fernandez","tag-causa","tag-citacion","tag-nulidad","tag-seguros"],"_links":{"self":[{"href":"https:\/\/partediario.com.ar\/index.php?rest_route=\/wp\/v2\/posts\/9609","targetHints":{"allow":["GET"]}}],"collection":[{"href":"https:\/\/partediario.com.ar\/index.php?rest_route=\/wp\/v2\/posts"}],"about":[{"href":"https:\/\/partediario.com.ar\/index.php?rest_route=\/wp\/v2\/types\/post"}],"author":[{"embeddable":true,"href":"https:\/\/partediario.com.ar\/index.php?rest_route=\/wp\/v2\/users\/2"}],"replies":[{"embeddable":true,"href":"https:\/\/partediario.com.ar\/index.php?rest_route=%2Fwp%2Fv2%2Fcomments&post=9609"}],"version-history":[{"count":1,"href":"https:\/\/partediario.com.ar\/index.php?rest_route=\/wp\/v2\/posts\/9609\/revisions"}],"predecessor-version":[{"id":9611,"href":"https:\/\/partediario.com.ar\/index.php?rest_route=\/wp\/v2\/posts\/9609\/revisions\/9611"}],"wp:featuredmedia":[{"embeddable":true,"href":"https:\/\/partediario.com.ar\/index.php?rest_route=\/wp\/v2\/media\/9610"}],"wp:attachment":[{"href":"https:\/\/partediario.com.ar\/index.php?rest_route=%2Fwp%2Fv2%2Fmedia&parent=9609"}],"wp:term":[{"taxonomy":"category","embeddable":true,"href":"https:\/\/partediario.com.ar\/index.php?rest_route=%2Fwp%2Fv2%2Fcategories&post=9609"},{"taxonomy":"post_tag","embeddable":true,"href":"https:\/\/partediario.com.ar\/index.php?rest_route=%2Fwp%2Fv2%2Ftags&post=9609"}],"curies":[{"name":"wp","href":"https:\/\/api.w.org\/{rel}","templated":true}]}}