{"id":9615,"date":"2024-11-25T11:55:26","date_gmt":"2024-11-25T14:55:26","guid":{"rendered":"https:\/\/partediario.com.ar\/?p=9615"},"modified":"2024-11-26T16:13:04","modified_gmt":"2024-11-26T19:13:04","slug":"yamandu-orsi-se-impuso-en-el-balotaje-y-sera-el-nuevo-presidente-de-uruguay","status":"publish","type":"post","link":"https:\/\/partediario.com.ar\/?p=9615","title":{"rendered":"Yamand\u00fa Orsi se impuso en el balotaje y ser\u00e1 el nuevo presidente de Uruguay"},"content":{"rendered":"\n<h3 class=\"wp-block-heading\">El candidato del Frente Amplio en las elecciones de Uruguay, Yamand\u00fa Orsi, se impuso en el balotaje sobre el oficialismo del Partido Nacional y ser\u00e1 el pr\u00f3ximo presidente.<\/h3>\n\n\n\n<p>Seg\u00fan los primeros boca de urna, el espacio opositor se impuso por algunos puntos de ventaja que le alcanzaron para la victoria y el pase de regreso a la presidencia de Uruguay.<\/p>\n\n\n\n<p>Orsi le gan\u00f3 al postulante del oficialismo \u00c1lvaro Delgado, quien no pudo retener la presidencial para el Partido Nacional.<\/p>\n\n\n\n<p>\u00abVoy a ser el presidente que convoque al di\u00e1logo nacional\u00bb, destac\u00f3 el ex intendente de Canelones en su primer discurso tras el triunfo.<\/p>\n\n\n\n<p>En su b\u00fanker junto a referentes del Frente Amplio y militantes, Orsi manifest\u00f3: \u00abLarga vida a nuestro sistema republicano y democr\u00e1tico\u00bb.<\/p>\n\n\n\n<p>El futuro mandatario de Uruguay asegur\u00f3 que parte de los ciudadanos no lo votaron en la segunda vuelta, ya que est\u00e1n \u00abcon otros sentimiento\u00bb.<\/p>\n\n\n\n<p>\u00abEsa gente tambi\u00e9n nos tendr\u00e1 que ayudar a construir un pa\u00eds cada vez mejor. A ellos tambi\u00e9n los precisamos. El mensaje que no puede ser otro de que sigan abrazando las banderas y las ideas\u00bb, agreg\u00f3 Orsi, que sali\u00f3 al escenario junto a la vicepresidenta electa, Carolina Cosse.<\/p>\n\n\n\n<p>El actual mandatario uruguayo, Luis Lacalle Pou, llam\u00f3 por tel\u00e9fono al ganador del balotaje para felicitarlo y dar inicio a la transici\u00f3n.<\/p>\n\n\n\n<p><\/p>\n\n\n\n<blockquote class=\"twitter-tweet\"><p lang=\"es\" dir=\"ltr\">Llam\u00e9 a <a href=\"https:\/\/twitter.com\/OrsiYamandu?ref_src=twsrc%5Etfw\">@OrsiYamandu<\/a> para felicitarlo como Presidente electo de nuestro pa\u00eds y para ponerme a las \u00f3rdenes y empezar la transici\u00f3n apenas lo entienda pertinente.<\/p>&mdash; Luis Lacalle Pou (@LuisLacallePou) <a href=\"https:\/\/twitter.com\/LuisLacallePou\/status\/1860842316841333218?ref_src=twsrc%5Etfw\">November 25, 2024<\/a><\/blockquote> <script async src=\"https:\/\/platform.twitter.com\/widgets.js\" charset=\"utf-8\"><\/script>\n\n\n\n<p><br>\u00abLlam\u00e9 a Yamand\u00fa Orsi para felicitarlo como presidente electo de nuestro pa\u00eds y para ponerme a las \u00f3rdenes para empezar la transici\u00f3n apenas lo entienda pertinente\u00bb, escribi\u00f3 el presidente saliente en la red social X.<\/p>\n\n\n\n<p>En tanto, el candidato oficialista tambi\u00e9n reconoci\u00f3 la derrota y felicit\u00f3 a Orsi por ser el presidente electo.<\/p>\n\n\n\n<p>\u00abQuiero mandar desde aqu\u00ed, con toda esta coalici\u00f3n de gobierno, con todos estos actores de la coalici\u00f3n, un fuerte abrazo y un saludo para Yamand\u00fa Orsi y para el Frente Amplio\u00bb, arranc\u00f3 su discurso Delgado.<\/p>\n\n\n\n<p>\u00abCon tristeza pero sin complejo de culpa podemos felicitar al ganador\u00bb, a\u00f1adi\u00f3 al hablar junto a los l\u00edderes de la coalici\u00f3n oficialista en su b\u00fanker de campa\u00f1a en Montevideo.<\/p>\n\n\n\n<p>El gobierno del reciente presidente electo, comenzar\u00e1 el pr\u00f3ximo 1 de marzo y tratar\u00e1 de instalar un sistema contra el narcotr\u00e1fico, adem\u00e1s de incorporar 2.000 nuevos polic\u00edas y buscar\u00e1 que se adapten los impuestos al nuevo contexto tributario mundial.<\/p>\n\n\n\n<p>Su gesti\u00f3n promover\u00e1 un di\u00e1logo social para establecer una nueva reforma de la seguridad social. Tendr\u00e1 como objetivo que la edad jubilatoria vuelva a retrotraerse a los 60 a\u00f1os, pese que que el actual gobierno llev\u00f3 la edad m\u00ednima a 65 a\u00f1os.<\/p>\n","protected":false},"excerpt":{"rendered":"<p>El candidato del Frente Amplio en las elecciones de Uruguay, Yamand&uacute; Orsi, se impuso en el balotaje sobre el oficialismo del Partido Nacional y ser&aacute; el pr&oacute;ximo presidente. Seg&uacute;n los primeros boca de urna, el espacio opositor se impuso por algunos puntos de ventaja que le alcanzaron para la victoria y el pase de regreso [&hellip;]<\/p>\n","protected":false},"author":2,"featured_media":9616,"comment_status":"open","ping_status":"open","sticky":false,"template":"","format":"standard","meta":{"footnotes":""},"categories":[9],"tags":[4362,1044,4023],"class_list":["post-9615","post","type-post","status-publish","format-standard","has-post-thumbnail","hentry","category-internacionales","tag-balotaje","tag-uruguay","tag-yamandu-orsi"],"_links":{"self":[{"href":"https:\/\/partediario.com.ar\/index.php?rest_route=\/wp\/v2\/posts\/9615","targetHints":{"allow":["GET"]}}],"collection":[{"href":"https:\/\/partediario.com.ar\/index.php?rest_route=\/wp\/v2\/posts"}],"about":[{"href":"https:\/\/partediario.com.ar\/index.php?rest_route=\/wp\/v2\/types\/post"}],"author":[{"embeddable":true,"href":"https:\/\/partediario.com.ar\/index.php?rest_route=\/wp\/v2\/users\/2"}],"replies":[{"embeddable":true,"href":"https:\/\/partediario.com.ar\/index.php?rest_route=%2Fwp%2Fv2%2Fcomments&post=9615"}],"version-history":[{"count":1,"href":"https:\/\/partediario.com.ar\/index.php?rest_route=\/wp\/v2\/posts\/9615\/revisions"}],"predecessor-version":[{"id":9617,"href":"https:\/\/partediario.com.ar\/index.php?rest_route=\/wp\/v2\/posts\/9615\/revisions\/9617"}],"wp:featuredmedia":[{"embeddable":true,"href":"https:\/\/partediario.com.ar\/index.php?rest_route=\/wp\/v2\/media\/9616"}],"wp:attachment":[{"href":"https:\/\/partediario.com.ar\/index.php?rest_route=%2Fwp%2Fv2%2Fmedia&parent=9615"}],"wp:term":[{"taxonomy":"category","embeddable":true,"href":"https:\/\/partediario.com.ar\/index.php?rest_route=%2Fwp%2Fv2%2Fcategories&post=9615"},{"taxonomy":"post_tag","embeddable":true,"href":"https:\/\/partediario.com.ar\/index.php?rest_route=%2Fwp%2Fv2%2Ftags&post=9615"}],"curies":[{"name":"wp","href":"https:\/\/api.w.org\/{rel}","templated":true}]}}