{"id":9624,"date":"2024-11-26T11:45:47","date_gmt":"2024-11-26T14:45:47","guid":{"rendered":"https:\/\/partediario.com.ar\/?p=9624"},"modified":"2024-11-27T13:56:56","modified_gmt":"2024-11-27T16:56:56","slug":"fuertes-criticas-al-gobierno-en-la-apertura-de-la-conferencia-industrial-no-queremos-proteccion-queremos-que-nos-respeten","status":"publish","type":"post","link":"https:\/\/partediario.com.ar\/?p=9624","title":{"rendered":"Fuertes cr\u00edticas al gobierno en la apertura de la conferencia industrial: \u201cNo queremos protecci\u00f3n, queremos que nos respeten\u201d"},"content":{"rendered":"\n<p class=\"has-medium-font-size\"><strong>Los discursos de apertura de la 30\u00b0 Conferencia Industrial organizada por la Uni\u00f3n Industrial Argentina (UIA), generaron fuertes mensajes para el gobierno nacional, en medio de una escalada por el nivel de apertura de la econom\u00eda propuesta por la gesti\u00f3n libertaria.<\/strong><\/p>\n\n\n\n<p>Las primeras palabras fueron las del presidente de la UIA, Daniel Funes de Rioja, que comenz\u00f3 con palabras ir\u00f3nicas sobre la presencia en la sala central del Centro de Convenciones de Buenos Aires.<\/p>\n\n\n\n<p>\u201cEstoy mirando los presentes y veo que a veces la prensa se equivoca porque dec\u00edan que \u2018nos vaciaron\u2019. Estamos vac\u00edos de algunas cosas, pero plenos de representaci\u00f3n empresaria, y estamos contentos que el jefe de Gobierno, Jorge Macri pueda ver el compromiso, la presencia, y la necesidad de futuro de la industria\u201d, apunt\u00f3 el l\u00edder industrial.<\/p>\n\n\n\n<p>Funes de Rioja remarc\u00f3 que \u201cEstamos comprometidos con el pa\u00eds y con el futuro. Tenemos intereses y puntos de vista y pasiones, pero nuestra pasi\u00f3n m\u00e1s grande es el pa\u00eds\u201d.<\/p>\n\n\n\n<p>Por su parte el presidente de Conferencia, Mart\u00edn Rappallini, describi\u00f3la coyuntura envi\u00f3 un mensaje directo al Gobierno nacional: \u201cLos industriales, no hemos tenido, no tenemos ni pedimos privilegios. No pedimos protecci\u00f3n, queremos igualdad de condiciones para poder competir\u201d.<\/p>\n\n\n\n<p>Y agreg\u00f3: \u201cEs ante la falta de igualdad que necesitamos una defensa, defensa del ataque de pa\u00edses que subsidian la producci\u00f3n, los insumos y las exportaciones. Pa\u00edses y sistemas que no cumplen con las reglas de comercio internacional establecidas\u201d.<\/p>\n\n\n\n<p>Rappallini subray\u00f3 que \u201cel Estado debe nivelarle la cancha a la industria nacional y el tiempo es un factor clave en este proceso de integraci\u00f3n\u201d.<\/p>\n\n\n\n<p>\u201cEscuchamos muchos ataques injustos al empresariado nacional Hoy quiero reivindicar al industrial, que es un sobreviviente a un constante proceso de cambio. Somos nosotros los empresarios, que generamos empleo y pagamos los impuestos y sostenemos el Estado. Queremos respeto\u201d, dispar\u00f3 en tono enf\u00e1tico.<\/p>\n\n\n\n<p>Tambi\u00e9n dej\u00f3 un mensaje velado a la eterna dicotom\u00eda campo-industria: \u201cLa industria aporta el 30% de la recaudaci\u00f3n y es el sector que agrupa la mayor cantidad de trabajo formales\u201d.<\/p>\n\n\n\n<p>\u201cEstamos de acuerdo con el presidente que el sector privado es el motor del pa\u00eds y el sector privado somos nosotros; es con nosotros\u201d, finaliz\u00f3.<\/p>\n","protected":false},"excerpt":{"rendered":"<p>Los discursos de apertura de la 30&deg; Conferencia Industrial organizada por la Uni&oacute;n Industrial Argentina (UIA), generaron fuertes mensajes para el gobierno nacional, en medio de una escalada por el nivel de apertura de la econom&iacute;a propuesta por la gesti&oacute;n libertaria. Las primeras palabras fueron las del presidente de la UIA, Daniel Funes de Rioja, [&hellip;]<\/p>\n","protected":false},"author":2,"featured_media":9625,"comment_status":"open","ping_status":"open","sticky":false,"template":"","format":"standard","meta":{"footnotes":""},"categories":[5,176],"tags":[1461,4371,224,4372,4368,4369],"class_list":["post-9624","post","type-post","status-publish","format-standard","has-post-thumbnail","hentry","category-nacionales","category-politica","tag-criticas","tag-daniel-funes-de-rioja","tag-gobierno","tag-martin-rappallini","tag-uia","tag-union-industrial-argentina"],"_links":{"self":[{"href":"https:\/\/partediario.com.ar\/index.php?rest_route=\/wp\/v2\/posts\/9624","targetHints":{"allow":["GET"]}}],"collection":[{"href":"https:\/\/partediario.com.ar\/index.php?rest_route=\/wp\/v2\/posts"}],"about":[{"href":"https:\/\/partediario.com.ar\/index.php?rest_route=\/wp\/v2\/types\/post"}],"author":[{"embeddable":true,"href":"https:\/\/partediario.com.ar\/index.php?rest_route=\/wp\/v2\/users\/2"}],"replies":[{"embeddable":true,"href":"https:\/\/partediario.com.ar\/index.php?rest_route=%2Fwp%2Fv2%2Fcomments&post=9624"}],"version-history":[{"count":1,"href":"https:\/\/partediario.com.ar\/index.php?rest_route=\/wp\/v2\/posts\/9624\/revisions"}],"predecessor-version":[{"id":9626,"href":"https:\/\/partediario.com.ar\/index.php?rest_route=\/wp\/v2\/posts\/9624\/revisions\/9626"}],"wp:featuredmedia":[{"embeddable":true,"href":"https:\/\/partediario.com.ar\/index.php?rest_route=\/wp\/v2\/media\/9625"}],"wp:attachment":[{"href":"https:\/\/partediario.com.ar\/index.php?rest_route=%2Fwp%2Fv2%2Fmedia&parent=9624"}],"wp:term":[{"taxonomy":"category","embeddable":true,"href":"https:\/\/partediario.com.ar\/index.php?rest_route=%2Fwp%2Fv2%2Fcategories&post=9624"},{"taxonomy":"post_tag","embeddable":true,"href":"https:\/\/partediario.com.ar\/index.php?rest_route=%2Fwp%2Fv2%2Ftags&post=9624"}],"curies":[{"name":"wp","href":"https:\/\/api.w.org\/{rel}","templated":true}]}}