{"id":9633,"date":"2024-11-26T16:05:32","date_gmt":"2024-11-26T19:05:32","guid":{"rendered":"https:\/\/partediario.com.ar\/?p=9633"},"modified":"2024-11-27T13:56:43","modified_gmt":"2024-11-27T16:56:43","slug":"resolvieron-la-disolucion-de-otros-cinco-fondos-fiduciarios-por-mal-uso-de-recursos-falta-de-controles-y-resultados","status":"publish","type":"post","link":"https:\/\/partediario.com.ar\/?p=9633","title":{"rendered":"Resolvieron la disoluci\u00f3n de otros cinco fondos fiduciarios por mal uso de recursos, falta de controles y resultados"},"content":{"rendered":"\n<h3 class=\"wp-block-heading\">El Gobierno dispuso el cierre de otros cinco fondos fiduciarios tras observar debilidades en una auditor\u00eda, aduciendo mal uso de recursos, falta de controles y resultados, mediante el Decreto 1048\/24 publicado este martes en el Bolet\u00edn Oficial.<\/h3>\n\n\n\n<p>La decisi\u00f3n comprende al Fondo Fiduciario para el Desarrollo de Capital Emprendedor (FONDCE); el Fideicomiso para la Refinanciaci\u00f3n Hipotecaria; el Fondo de Asistencia Directa a V\u00edctimas de Trata; el Fondo Fiduciario P\u00fablico denominado Programa de Inversiones Estrat\u00e9gicas (PROINE); y el Fondo Fiduciario denominado Programa para Incrementar la Competitividad del Sector Azucarero del NOA (PROICSA).<\/p>\n\n\n\n<p>El Ministerio de Econom\u00eda continu\u00f3 con la medida, en el marco de la revisi\u00f3n, saneamiento o disoluci\u00f3n de los Fondos Fiduciarios P\u00fablicos, considerando que los cinco fondos \u201cregistraron un p\u00e9simo uso de los recursos de la sociedad, falta de controles y de resultados\u201d, en base a un informe de auditor\u00eda realizado por la Sindicatura General de la Naci\u00f3n (SIGEN).<\/p>\n\n\n\n<p>Asimismo, se destac\u00f3 que eran necesarias las disoluciones \u201ccon el objetivo de resolver las ineficiencias o desv\u00edos encontrados en desmedro del cuidado que debe preservarse en la asignaci\u00f3n y administraci\u00f3n de los recursos estatales\u201d.<\/p>\n\n\n\n<p><strong>Los argumentos del gobierno<\/strong><\/p>\n\n\n\n<p>El FONDCE se dio de baja ya que en la auditor\u00eda se revel\u00f3 que \u201ctiene debilidades en la gesti\u00f3n de inversiones y su recupero, falta de manuales operativos y de procedimientos, debilidades en las rendiciones de cuentas y falta de indicadores de gesti\u00f3n\u201d, seg\u00fan se se\u00f1ala en el texto oficial.<\/p>\n\n\n\n<p>Desde Econom\u00eda recordaron que hab\u00eda sido creado en 2017 con el prop\u00f3sito de financiar emprendimientos, utilizando recursos anuales asignados a trav\u00e9s del Presupuesto Nacional o por otras leyes y se\u00f1alaron que \u201csi bien parti\u00f3 de una finalidad que pod\u00eda considerarse loable, su implementaci\u00f3n ha mostrado serias deficiencias y una progresiva desvinculaci\u00f3n de los resultados esperados con el financiamiento comprometido\u201d.<\/p>\n\n\n\n<p>Sobre esto, se\u00f1alaron que \u201cuno de los principales problemas radica en el alto nivel de morosidad de las convocatorias reembolsables\u201d, precisando que \u201cal 31 de diciembre de 2023, la morosidad alcanzaba los $70 millones y el 58% de los deudores no hab\u00eda abonado ninguna cuota\u201d.<\/p>\n\n\n\n<p>En este aspecto, la cartera econ\u00f3mica especific\u00f3 que \u201ceste incumplimiento por parte de los beneficiarios compromet\u00eda la estabilidad financiera del Fondo y la correcta asignaci\u00f3n de los recursos fiduciarios\u201d.<\/p>\n\n\n\n<p>En cuanto al Fideicomiso para la Refinanciaci\u00f3n Hipotecaria, desde el Palacio de Hacienda precisaron que \u201cse debi\u00f3 a que los recursos colocados en el Fondo exced\u00edan siempre sus necesidades operativas\u201d y revelaron que \u201cla SIGEN detect\u00f3 en su auditor\u00eda que las bases de datos no estaban actualizadas y sus registros no ten\u00edan soporte confiable, lo cual imped\u00eda determinar un universo confiable de deudores y la situaci\u00f3n vigente\u201d.<\/p>\n\n\n\n<p>Adem\u00e1s se cerr\u00f3 el PROINE, que hab\u00eda sido creado en 2020 dentro de la Ley de Defensa de los Activos del Fondo de Garant\u00eda de Sustentabilidad del Sistema Integrado Previsional Argentino, con el objetivo de invertir en sectores estrat\u00e9gicos para fomentar la generaci\u00f3n de empleo y el desarrollo econ\u00f3mico.<\/p>\n\n\n\n<p>Econom\u00eda, fundament\u00f3 la eliminaci\u00f3n expresando que \u201ctras 4 a\u00f1os desde su creaci\u00f3n, no se registraron ingresos de bienes fideicomitidos y tampoco se realizaron operaciones fiduciarias\u201d. De esta manera, el Decreto consider\u00f3 que \u201cante la falta de funcionamiento, no hay motivos que justifiquen su permanencia\u201d.<\/p>\n\n\n\n<p>Por \u201cm\u00faltiples falencias\u201d, el Gobierno tambi\u00e9n elimin\u00f3 el Fondo de Asistencia Directa a V\u00edctimas de Trata, que ten\u00eda el objetivo de administrar los bienes decomisados en causas judiciales referidas a los delitos de trata y explotaci\u00f3n de personas, y de lavado de activos provenientes de tales il\u00edcitos.<\/p>\n\n\n\n<p>Desde la cartera que conduce Luis Caputo, precisaron que entre las irregularidades \u201cse encuentran los incumplimientos del Fiduciario respecto del pago a v\u00edctimas de trata, as\u00ed como de los plazos establecidos para efectuar dichos pagos\u201d.<\/p>\n\n\n\n<p>Ante la disoluci\u00f3n del Fondo, aclararon que el Ejecutivo \u201cmantendr\u00e1 los objetivos y finalidades perseguida por la Ley 26.364, y por tanto dispondr\u00e1 la continuidad y atenci\u00f3n a las v\u00edctimas de tales delitos, mediante las acciones a financiarse a trav\u00e9s de las correspondientes partidas presupuestarias ya destinadas para ese fin y que ser\u00e1n administradas por parte del Ministerio de Justicia, como \u00f3rgano responsable de tutelar los objetivos previstos en la Ley\u201d.<\/p>\n\n\n\n<p>Las disoluciones se completan con el cierre del PROICSA, que hab\u00eda sido creado en 2012 para promover la competitividad de la industria azucarera del NOA. Este programa cont\u00f3 con la participaci\u00f3n del BICE y CAF, cuyo financiamiento concluy\u00f3 en septiembre de 2020.<\/p>\n\n\n\n<p>En relaci\u00f3n al citado Fondo, se consider\u00f3 que \u201cluego de haber funcionado durante m\u00e1s de una d\u00e9cada para atender las acciones que fueron valoradas en su origen, y dado que el financiamiento de la CAF fue agotado hace 4 a\u00f1os, result\u00f3 conveniente disolver este Fondo, ahorrando costos y pasando su administraci\u00f3n al Ministerio de Econom\u00eda\u201d.<\/p>\n\n\n\n<p>Desde el Palacio de Hacienda adem\u00e1s, destacaron que \u201cen este caso, se repiten las graves falencias observadas en otros Fondos como ausencia de controles y rendiciones de cuentas que impiden verificar resultados acordes a los objetivos comprometidos\u201d y se\u00f1alaron que \u201ctambi\u00e9n, se manten\u00eda una administraci\u00f3n costosa y una discrecionalidad en los cr\u00e9ditos o financiamiento otorgados\u201d.<\/p>\n","protected":false},"excerpt":{"rendered":"<p>El Gobierno dispuso el cierre de otros cinco fondos fiduciarios tras observar debilidades en una auditor&iacute;a, aduciendo mal uso de recursos, falta de controles y resultados, mediante el Decreto 1048\/24 publicado este martes en el Bolet&iacute;n Oficial. La decisi&oacute;n comprende al Fondo Fiduciario para el Desarrollo de Capital Emprendedor (FONDCE); el Fideicomiso para la Refinanciaci&oacute;n [&hellip;]<\/p>\n","protected":false},"author":2,"featured_media":9634,"comment_status":"open","ping_status":"open","sticky":false,"template":"","format":"standard","meta":{"footnotes":""},"categories":[5,176],"tags":[4379,4380,4381,3569,792,4383,4382],"class_list":["post-9633","post","type-post","status-publish","format-standard","has-post-thumbnail","hentry","category-nacionales","category-politica","tag-disolucion","tag-fiduciarios","tag-fondce","tag-fondos","tag-luis-caputo","tag-noa-proicsa","tag-proine"],"_links":{"self":[{"href":"https:\/\/partediario.com.ar\/index.php?rest_route=\/wp\/v2\/posts\/9633","targetHints":{"allow":["GET"]}}],"collection":[{"href":"https:\/\/partediario.com.ar\/index.php?rest_route=\/wp\/v2\/posts"}],"about":[{"href":"https:\/\/partediario.com.ar\/index.php?rest_route=\/wp\/v2\/types\/post"}],"author":[{"embeddable":true,"href":"https:\/\/partediario.com.ar\/index.php?rest_route=\/wp\/v2\/users\/2"}],"replies":[{"embeddable":true,"href":"https:\/\/partediario.com.ar\/index.php?rest_route=%2Fwp%2Fv2%2Fcomments&post=9633"}],"version-history":[{"count":1,"href":"https:\/\/partediario.com.ar\/index.php?rest_route=\/wp\/v2\/posts\/9633\/revisions"}],"predecessor-version":[{"id":9635,"href":"https:\/\/partediario.com.ar\/index.php?rest_route=\/wp\/v2\/posts\/9633\/revisions\/9635"}],"wp:featuredmedia":[{"embeddable":true,"href":"https:\/\/partediario.com.ar\/index.php?rest_route=\/wp\/v2\/media\/9634"}],"wp:attachment":[{"href":"https:\/\/partediario.com.ar\/index.php?rest_route=%2Fwp%2Fv2%2Fmedia&parent=9633"}],"wp:term":[{"taxonomy":"category","embeddable":true,"href":"https:\/\/partediario.com.ar\/index.php?rest_route=%2Fwp%2Fv2%2Fcategories&post=9633"},{"taxonomy":"post_tag","embeddable":true,"href":"https:\/\/partediario.com.ar\/index.php?rest_route=%2Fwp%2Fv2%2Ftags&post=9633"}],"curies":[{"name":"wp","href":"https:\/\/api.w.org\/{rel}","templated":true}]}}