{"id":9636,"date":"2024-11-26T16:12:36","date_gmt":"2024-11-26T19:12:36","guid":{"rendered":"https:\/\/partediario.com.ar\/?p=9636"},"modified":"2024-11-27T13:56:39","modified_gmt":"2024-11-27T16:56:39","slug":"espero-tener-un-poco-de-paz-en-mi-pierna-y-disfrutar-algo-adentro-de-una-cancha-de-tenis-por-ultima-vez-senalo-del-potro","status":"publish","type":"post","link":"https:\/\/partediario.com.ar\/?p=9636","title":{"rendered":"\u201cEspero tener un poco de paz en mi pierna y disfrutar algo adentro de una cancha de tenis por \u00faltima vez\u201d, se\u00f1al\u00f3 Del Potro"},"content":{"rendered":"\n<h3 class=\"wp-block-heading\">El ex tenista Juan Mart\u00edn del Potro habl\u00f3 de los padecimientos f\u00edsicos que sufre debido a las lesiones que tuvo en su rodilla y se\u00f1al\u00f3 que aguarda que \u201cal menos por 2 o 3 horitas\u201d pueda \u201ctener un poco de paz\u201d en su pierna y \u201cdisfrutar\u201d desde adentro de una cancha de tenis \u201cpor \u00faltima vez\u201d para poder devolverle a la gente el cari\u00f1o que le brind\u00f3 durante los a\u00f1os que jug\u00f3.<\/h3>\n\n\n\n<p>\u201cAl menos por 2 o 3 horitas espero poder tener un poco de paz en mi pierna y disfrutar algo adentro de una cancha de tenis por \u00faltima vez ser\u00eda muy bonito, poder devolverles desde adentro y junto a Novak (Djokovic) un lindo momento a tanto amor y cari\u00f1o\u201d, expres\u00f3 en un video que difundi\u00f3 en su cuenta de Instagram para promocionar el partido de exhibici\u00f3n que jugar\u00e1 el 1\u00b0 de diciembre en el Parque Roca, de Buenos Aires, con el serbio.<\/p>\n\n\n\n<p>Del Potro comenz\u00f3 relatando que: \u201cCuando juego el \u00faltimo partido con Delbonis, la gente esto no lo supo y nunca lo cont\u00e9, al d\u00eda siguiente me tom\u00e9 un avi\u00f3n a suiza y me volv\u00ed a operar la rodilla fue mi quinta cirug\u00eda. A partir de ah\u00ed nunca mas hice p\u00fablicas mis cirug\u00edas porque, cuando en la conferencia previa al partido con Federico yo digo probablemente que era mi \u00faltimo partido, ah\u00ed encontr\u00e9 un poco de paz y cort\u00e9 con algo que me pasaba constantemente cuando me dec\u00edan \u00b4cuando volv\u00e9s a jugar\u00b4 o \u00b4cuando te veo de nuevo en una cancha\u00b4 y yo no pod\u00eda m\u00e1s del dolor de piernas\u201d.<\/p>\n\n\n\n<p>\u201cDije \u00b4esto tengo que hacerlo en secreto y, si llega a funcionar, hago un anuncio de que vuelvo realmente\u00b4. Me fui a Suiza, estuve dos meses encerrado en un pueblo cerca de Basilea me operaron, hice rehabilitaci\u00f3n y no funcion\u00f3. A los 2 meses y medio me dicen que me volv\u00edan a operar, fue la sexta. Me fui a Estados Unidos a seguir rehabilitando y, entre cirug\u00eda y cirug\u00eda, probaba tratamientos. Debo tener m\u00e1s de 100 inyecciones en las piernas, caderas y espalda. Me infiltraron, me sacaron tendones, me quemaron nervios, un sufrimiento diario\u00bb, relat\u00f3.<\/p>\n\n\n\n<p>Y continu\u00f3: \u201cDespu\u00e9s de la primera cirug\u00eda, el m\u00e9dico que en tres meses volv\u00eda a jugar, entonces me anot\u00e9 en Estocolmo, Basilea y Par\u00eds porque me dijo que llegaba bien con los tiempos para jugar y, hasta el d\u00eda de hoy, nunca m\u00e1s pude subir una escalera sin dolor. Me duele muchas veces para dormir, me pegan pinchazos que son muy feos. Viene siendo como una pesadilla sin final, a diario sigo insistiendo en buscar una soluci\u00f3n y buscando m\u00e9dicos y alternativas y todav\u00eda no la encuentro\u201d, cont\u00f3.<\/p>\n\n\n\n<p>\u201cTodo empez\u00f3 en esa primera cirug\u00eda y cada vez que lo pienso me genera much\u00edsima una emoci\u00f3n mala, me da mucha bronca angustia impotencia, pero no lo puedo cambiar. Mi vida cotidiana no es la que yo deseo. Era un tipo muy activo, que le gustaba hacer deporte no solo jugar al tenis y, de repente, me invitan a jugar un f\u00fatbol y soy el que lleva el mate y se sienta afuera o van a jugar al p\u00e1del y hago los vide\u00edtos y para m\u00ed es terrible. Adem\u00e1s, desde lo deportivo me quitaron la ilusi\u00f3n de lo que siempre me gust\u00f3 hacer que es jugar al tenis, es dif\u00edcil tener que caretear todo las 24 horas, es muy complicado\u201d, explic\u00f3.<\/p>\n\n\n\n<p>Y agreg\u00f3: \u201cNo soy indestructible, pero tengo ese plus que tengo que poner buena cara en determinadas situaciones y a veces no tengo la energ\u00eda porque lo de la pierna me consume an\u00edmicamente todo. Padezco el d\u00eda a d\u00eda, me levanto y tomo entre 6 y 8 pastillas, entre protector g\u00e1strico antinflamatorio analg\u00e9sico uno para la ansiedad. Una cosa son las piedras que pueden aparecer en el camino como las lesiones que para un atleta es lo m\u00e1s complicado pero otra cosa es el dolor emocional y yo me sent\u00eda muy poderoso y muy fuerte en afrontar esas piedras que aparec\u00edan y que siempre le ganaba y al final del d\u00eda me doy cuenta que no soy tanto, porque con lo de la rodilla siento que me gan\u00f3\u201d.<\/p>\n\n\n\n<p>\u201cMe oper\u00e9 8 veces con m\u00e9dicos de todo el mundo gastando fortunas, cada vez que me pon\u00edan la anestesia sent\u00eda que sal\u00eda bien operado que no me iba a doler m\u00e1s y dec\u00eda voy a estar dando la vuelta al dique de Tandil sin dolor y a los 2 o 3 meses llamaba al m\u00e9dico para decirle que no funcion\u00f3. A veces no lo soporto m\u00e1s y no s\u00e9 cu\u00e1ndo va a terminar\u201d, detall\u00f3.<\/p>\n\n\n\n<p>Del Potro, se\u00f1al\u00f3 adem\u00e1s que: \u201cTengo otra gran pelea con m\u00e9dicos que me dicen que me ponga una pr\u00f3tesis y muchas veces pregunto que me garantiza me dicen calidad de vida, eso es lo que busco, pero viene otro y me dice que soy joven para pr\u00f3tesis, que espere hasta los 50. De los 31 que no corro no subo una escalera no puedo patear una pelota no jugu\u00e9 nunca m\u00e1s al tenis \u00bfQue voy a esperar, 15 a\u00f1os m\u00e1s para ponerme una pr\u00f3tesis y vivir bien a los 60?\u201d.<\/p>\n\n\n\n<p>\u201cOjal\u00e1 alg\u00fan d\u00eda se acabe esto porque quiero vivir sin dolor. Vengo bajando de peso me puse a entrenar quiero llegar lo mejor posible, es un show para decir adi\u00f3s ya no hay m\u00e1s vuelta atr\u00e1s y el toque final se lo da Djokovic que fue muy generoso en aceptarlo y poder venir y m\u00e1s all\u00e1 de ese momento personal m\u00edo quiero que le demos mucho amor a el y que se lleve el mejor recuerdo\u201d, finaliz\u00f3.<\/p>\n","protected":false},"excerpt":{"rendered":"<p>El ex tenista Juan Mart&iacute;n del Potro habl&oacute; de los padecimientos f&iacute;sicos que sufre debido a las lesiones que tuvo en su rodilla y se&ntilde;al&oacute; que aguarda que &ldquo;al menos por 2 o 3 horitas&rdquo; pueda &ldquo;tener un poco de paz&rdquo; en su pierna y &ldquo;disfrutar&rdquo; desde adentro de una cancha de tenis &ldquo;por &uacute;ltima [&hellip;]<\/p>\n","protected":false},"author":2,"featured_media":9637,"comment_status":"open","ping_status":"open","sticky":false,"template":"","format":"standard","meta":{"footnotes":""},"categories":[4,5],"tags":[4385,4384,2281],"class_list":["post-9636","post","type-post","status-publish","format-standard","has-post-thumbnail","hentry","category-deportes","category-nacionales","tag-delbonis","tag-juan-martin-del-potro","tag-novak-djokovic"],"_links":{"self":[{"href":"https:\/\/partediario.com.ar\/index.php?rest_route=\/wp\/v2\/posts\/9636","targetHints":{"allow":["GET"]}}],"collection":[{"href":"https:\/\/partediario.com.ar\/index.php?rest_route=\/wp\/v2\/posts"}],"about":[{"href":"https:\/\/partediario.com.ar\/index.php?rest_route=\/wp\/v2\/types\/post"}],"author":[{"embeddable":true,"href":"https:\/\/partediario.com.ar\/index.php?rest_route=\/wp\/v2\/users\/2"}],"replies":[{"embeddable":true,"href":"https:\/\/partediario.com.ar\/index.php?rest_route=%2Fwp%2Fv2%2Fcomments&post=9636"}],"version-history":[{"count":1,"href":"https:\/\/partediario.com.ar\/index.php?rest_route=\/wp\/v2\/posts\/9636\/revisions"}],"predecessor-version":[{"id":9638,"href":"https:\/\/partediario.com.ar\/index.php?rest_route=\/wp\/v2\/posts\/9636\/revisions\/9638"}],"wp:featuredmedia":[{"embeddable":true,"href":"https:\/\/partediario.com.ar\/index.php?rest_route=\/wp\/v2\/media\/9637"}],"wp:attachment":[{"href":"https:\/\/partediario.com.ar\/index.php?rest_route=%2Fwp%2Fv2%2Fmedia&parent=9636"}],"wp:term":[{"taxonomy":"category","embeddable":true,"href":"https:\/\/partediario.com.ar\/index.php?rest_route=%2Fwp%2Fv2%2Fcategories&post=9636"},{"taxonomy":"post_tag","embeddable":true,"href":"https:\/\/partediario.com.ar\/index.php?rest_route=%2Fwp%2Fv2%2Ftags&post=9636"}],"curies":[{"name":"wp","href":"https:\/\/api.w.org\/{rel}","templated":true}]}}