{"id":9639,"date":"2024-11-26T20:43:56","date_gmt":"2024-11-26T23:43:56","guid":{"rendered":"https:\/\/partediario.com.ar\/?p=9639"},"modified":"2024-11-26T20:43:56","modified_gmt":"2024-11-26T23:43:56","slug":"santa-elena-el-intendente-daniel-rossi-recibio-en-la-jornada-de-hoy-al-ministro-de-gobierno-manuel-troncoso","status":"publish","type":"post","link":"https:\/\/partediario.com.ar\/?p=9639","title":{"rendered":"Santa Elena: el Intendente Daniel Rossi recibi\u00f3 en la jornada de hoy al Ministro de Gobierno Manuel Troncoso"},"content":{"rendered":"\n<h3 class=\"wp-block-heading\">Tambi\u00e9n fue parte de la reuni\u00f3n al Gerente General de la Empresa de Energ\u00eda ENERSA. Durante el encuentro, se evalu\u00f3 la realidad del abastecimiento de energ\u00eda en la ciudad.<\/h3>\n\n\n\n<p>Entre varios temas abordados, se acord\u00f3 la firma de un convenio de colaboraci\u00f3n conjunta, para lograr las obras de infraestructura necesarias para la reducci\u00f3n del consumo.<\/p>\n\n\n\n<p>Adem\u00e1s se trat\u00f3 la conclusi\u00f3n de la optimizaci\u00f3n de la red de agua potable, paralizada por la anterior gesti\u00f3n del Gobierno Nacional, pese a contar con un avance de m\u00e1s del 50%, con el objetivo de garantizar su culminaci\u00f3n.<\/p>\n\n\n\n<p>Finalmente, se dialog\u00f3 sobre la obra 30 viviendas, las cuales pasar\u00e1n a la \u00f3rbita provincial para lograr la culminaci\u00f3n de los trabajos de forma articulada con el Gobierno Municipal.<\/p>\n","protected":false},"excerpt":{"rendered":"<p>Tambi&eacute;n fue parte de la reuni&oacute;n al Gerente General de la Empresa de Energ&iacute;a ENERSA. Durante el encuentro, se evalu&oacute; la realidad del abastecimiento de energ&iacute;a en la ciudad. Entre varios temas abordados, se acord&oacute; la firma de un convenio de colaboraci&oacute;n conjunta, para lograr las obras de infraestructura necesarias para la reducci&oacute;n del consumo. [&hellip;]<\/p>\n","protected":false},"author":2,"featured_media":9640,"comment_status":"open","ping_status":"open","sticky":false,"template":"","format":"standard","meta":{"footnotes":""},"categories":[3272],"tags":[208,319,4386,2761,593,330,1145],"class_list":["post-9639","post","type-post","status-publish","format-standard","has-post-thumbnail","hentry","category-municipales","tag-daniel-rossi","tag-enersa","tag-gerente-general","tag-infraestructura","tag-manuel-troncoso","tag-obras","tag-viciendas"],"_links":{"self":[{"href":"https:\/\/partediario.com.ar\/index.php?rest_route=\/wp\/v2\/posts\/9639","targetHints":{"allow":["GET"]}}],"collection":[{"href":"https:\/\/partediario.com.ar\/index.php?rest_route=\/wp\/v2\/posts"}],"about":[{"href":"https:\/\/partediario.com.ar\/index.php?rest_route=\/wp\/v2\/types\/post"}],"author":[{"embeddable":true,"href":"https:\/\/partediario.com.ar\/index.php?rest_route=\/wp\/v2\/users\/2"}],"replies":[{"embeddable":true,"href":"https:\/\/partediario.com.ar\/index.php?rest_route=%2Fwp%2Fv2%2Fcomments&post=9639"}],"version-history":[{"count":1,"href":"https:\/\/partediario.com.ar\/index.php?rest_route=\/wp\/v2\/posts\/9639\/revisions"}],"predecessor-version":[{"id":9641,"href":"https:\/\/partediario.com.ar\/index.php?rest_route=\/wp\/v2\/posts\/9639\/revisions\/9641"}],"wp:featuredmedia":[{"embeddable":true,"href":"https:\/\/partediario.com.ar\/index.php?rest_route=\/wp\/v2\/media\/9640"}],"wp:attachment":[{"href":"https:\/\/partediario.com.ar\/index.php?rest_route=%2Fwp%2Fv2%2Fmedia&parent=9639"}],"wp:term":[{"taxonomy":"category","embeddable":true,"href":"https:\/\/partediario.com.ar\/index.php?rest_route=%2Fwp%2Fv2%2Fcategories&post=9639"},{"taxonomy":"post_tag","embeddable":true,"href":"https:\/\/partediario.com.ar\/index.php?rest_route=%2Fwp%2Fv2%2Ftags&post=9639"}],"curies":[{"name":"wp","href":"https:\/\/api.w.org\/{rel}","templated":true}]}}