{"id":9642,"date":"2024-11-27T11:38:27","date_gmt":"2024-11-27T14:38:27","guid":{"rendered":"https:\/\/partediario.com.ar\/?p=9642"},"modified":"2024-11-28T12:38:00","modified_gmt":"2024-11-28T15:38:00","slug":"el-mural-mas-grande-de-maradona-estara-en-un-pequeno-pueblo-entrerriano","status":"publish","type":"post","link":"https:\/\/partediario.com.ar\/?p=9642","title":{"rendered":"El mural m\u00e1s grande de Maradona, estar\u00e1 en un peque\u00f1o pueblo entrerriano"},"content":{"rendered":"\n<p class=\"has-medium-font-size\"><strong>La localidad de Hern\u00e1ndez inaugurar\u00e1 el mural realizado por el artista entrerriano N\u00e9stor Medrano. Su realizaci\u00f3n llev\u00f3 m\u00e1s de 12 meses, tiene 7 metros de altura por 5 metros de ancho y un sello distintivo de Entre R\u00edos.<\/strong><\/p>\n\n\n\n<p>Si hay algo que nunca perdi\u00f3 Diego Armando Maradona, fue su condici\u00f3n de clase. \u201cSoy la voz de los sin voz\u201d sol\u00eda decir consciente de todo lo que generaba su palabra y que a trav\u00e9s de su opini\u00f3n, pod\u00eda defender y reivindicar a los que menos tienen.<\/p>\n\n\n\n<p>Como dijo hace un tiempo el campe\u00f3n del mundo de box, Sergio \u201cMaravilla\u201d Mart\u00ednez \u201cEn mi casa, no ten\u00edamos para comer pero ten\u00edamos a Maradona, y eso\u2026eso no se olvida\u201d. Es por eso que cada d\u00eda, aparece un nuevo homenaje, un nuevo recuerdo, un nuevo mural, para homenajearlo, y es el pueblo, su pueblo, su gente, el que lo mantiene m\u00e1s presente que nunca, a pesar de su ausencia.<\/p>\n\n\n\n<p><\/p>\n\n\n\n<figure class=\"wp-block-image size-full\"><img loading=\"lazy\" decoding=\"async\" width=\"749\" height=\"551\" src=\"https:\/\/partediario.com.ar\/wp-content\/uploads\/mural-maradona-en-Hernandez.jpg\" alt=\"\" class=\"wp-image-9643\" srcset=\"https:\/\/partediario.com.ar\/wp-content\/uploads\/mural-maradona-en-Hernandez.jpg 749w, https:\/\/partediario.com.ar\/wp-content\/uploads\/mural-maradona-en-Hernandez-300x221.jpg 300w\" sizes=\"auto, (max-width: 749px) 100vw, 749px\" \/><\/figure>\n\n\n\n<p><\/p>\n\n\n\n<p>La localidad de Hern\u00e1ndez que cuenta con una poblaci\u00f3n estimada en m\u00e1s de 3.000 habitantes y ubicada en el Departamento Nogoy\u00e1, al Centro &#8211; Oeste de la Provincia de Entre R\u00edos se suma a estos homenajes al m\u00e1s grande del futbol argentino. El pr\u00f3ximo 5 de diciembre se inaugurar\u00e1, el mural realizada en la denominada t\u00e9cnica de mosaiquismo y se convertir\u00e1 en el m\u00e1s grande del mundo en esta t\u00e9cnica. en homenaje a Maradona. La obra ser\u00e1 inaugurada en la ex estaci\u00f3n del ferrocarril de la ciudad y tendr\u00e1 35 metros cuadrados.<\/p>\n\n\n\n<p>El intendente de la ciudad Luis Gaioli coment\u00f3: \u201cEsto empez\u00f3 hace un par de a\u00f1os atr\u00e1s cuando por iniciativa de unos amigos y gente del deporte, propusieron realizar un mural en la caracter\u00edsticas de mosaiquismo, y por lo que hemos averiguado, ser\u00e1 el mural m\u00e1s grande en la modalidad, ya que no tenemos registro que haya otro igual en el mundo. La obra consta de 5 metros de alto por 7 metros de ancho y va a estar emplazada en una de las paredes del ex ferrocarril, en el centro geogr\u00e1fico de la localidad\u201d.<\/p>\n\n\n\n<p>El artista entrerriano N\u00e9stor Medrano quien tuvo a cargo la obra, dio precisiones del trabajo realizado \u201cLa obra me demand\u00f3 m\u00e1s o menos un a\u00f1o de trabajo. Consta de 70 placas y cada una de ellas tiene una medida de 0,50 cent\u00edmetros por 1 metro. El hecho de hacer un boceto en escala me llev\u00f3 un tiempo importante, para luego cortarlo y modularlo. Son varias im\u00e1genes de Diego y un ojo, por ejemplo, mide a escala, un metro cincuenta cent\u00edmetros de alto. Son dificultades que uno tiene que ir resolviendo y un desaf\u00edo muy interesante\u201d.<\/p>\n\n\n\n<p>El jueves 5 de diciembre, se llevar\u00e1 a cabo la inauguraci\u00f3n del mural y luego en el Sal\u00f3n de la Cultura a las 20 hs, se realizar\u00e1 una charla con Fernando Signorini, quien conoci\u00f3 como nadie el f\u00edsico y el alma de Diego Maradona. Estuvo en los momentos m\u00e1s luminosos del jugador, tanto en N\u00e1poles, como el seleccionado argentino.<\/p>\n\n\n\n<p>El \u201cProfe\u201d como lo conoce todo el ambiente del f\u00fatbol o el \u201cCiego\u201d como lo llamaba cari\u00f1osamente Maradona, estar\u00e1 en la localidad de Hern\u00e1ndez, para dar una charla dirigida a entrenadores, jugadores, dirigentes y p\u00fablico en general, con el objetivo de ofrecer una capacitaci\u00f3n que aborde aspectos t\u00e9cnicos y humanos del deporte, reflexionando sobre el papel del mismo en la formaci\u00f3n de valores. Compartiendo su perspectiva sobre el f\u00fatbol en contextos locales y su impacto en el desarrollo de la comunidad.<\/p>\n\n\n\n<p>A lo largo de su trayectoria, Signorini trabaj\u00f3 con dos entrenadores campeones del mundo C\u00e9sar Luis Menotti y Carlos Bilardo. Fue el hist\u00f3rico preparador f\u00edsico de Maradona y de diversos futbolistas de renombre. En la Copa del Mundo de Sud\u00e1frica 2010, fue el responsable de la preparaci\u00f3n f\u00edsica de la Selecci\u00f3n Argentina. El Profe entren\u00f3 a jugadores de la talla de Javier Mascherano, Juan Rom\u00e1n Riquelme, Carlos T\u00e9vez, Diego Milito, Sergio Ag\u00fcero, Esteban Cambiasso, Gabriel Heinze, Vincenzo Montella, J\u00fcrgen Klinsmann, entre otros.<br>Su carrera incluye experiencias en clubes argentinos como Independiente, Racing, Rosario Central y Banfield. Y en el extranjero, en Sampdoria, Italia; y en varios equipos mexicanos, como Tecos, Puebla, Venados, Coras y Atl\u00e9tico Zacatepec.<\/p>\n\n\n\n<p>Actualmente es profesor en la Escuela de Entrenadores de C\u00e9sar Luis Menotti. Signorini tambi\u00e9n es autor de varios libros, entre ellos \u00abDiego, desde adentro\u00bb, donde narra su experiencia personal con Maradona y ofrece una mirada \u00edntima sobre la vida del astro argentino.<\/p>\n","protected":false},"excerpt":{"rendered":"<p>La localidad de Hern&aacute;ndez inaugurar&aacute; el mural realizado por el artista entrerriano N&eacute;stor Medrano. Su realizaci&oacute;n llev&oacute; m&aacute;s de 12 meses, tiene 7 metros de altura por 5 metros de ancho y un sello distintivo de Entre R&iacute;os. Si hay algo que nunca perdi&oacute; Diego Armando Maradona, fue su condici&oacute;n de clase. &ldquo;Soy la voz [&hellip;]<\/p>\n","protected":false},"author":2,"featured_media":9644,"comment_status":"open","ping_status":"open","sticky":false,"template":"","format":"standard","meta":{"footnotes":""},"categories":[4,8],"tags":[4387,4388,4390,3295,4389],"class_list":["post-9642","post","type-post","status-publish","format-standard","has-post-thumbnail","hentry","category-deportes","category-provinciales","tag-diego-maradona","tag-hernandez","tag-luis-gaioli","tag-mural","tag-nestor-medrano"],"_links":{"self":[{"href":"https:\/\/partediario.com.ar\/index.php?rest_route=\/wp\/v2\/posts\/9642","targetHints":{"allow":["GET"]}}],"collection":[{"href":"https:\/\/partediario.com.ar\/index.php?rest_route=\/wp\/v2\/posts"}],"about":[{"href":"https:\/\/partediario.com.ar\/index.php?rest_route=\/wp\/v2\/types\/post"}],"author":[{"embeddable":true,"href":"https:\/\/partediario.com.ar\/index.php?rest_route=\/wp\/v2\/users\/2"}],"replies":[{"embeddable":true,"href":"https:\/\/partediario.com.ar\/index.php?rest_route=%2Fwp%2Fv2%2Fcomments&post=9642"}],"version-history":[{"count":1,"href":"https:\/\/partediario.com.ar\/index.php?rest_route=\/wp\/v2\/posts\/9642\/revisions"}],"predecessor-version":[{"id":9645,"href":"https:\/\/partediario.com.ar\/index.php?rest_route=\/wp\/v2\/posts\/9642\/revisions\/9645"}],"wp:featuredmedia":[{"embeddable":true,"href":"https:\/\/partediario.com.ar\/index.php?rest_route=\/wp\/v2\/media\/9644"}],"wp:attachment":[{"href":"https:\/\/partediario.com.ar\/index.php?rest_route=%2Fwp%2Fv2%2Fmedia&parent=9642"}],"wp:term":[{"taxonomy":"category","embeddable":true,"href":"https:\/\/partediario.com.ar\/index.php?rest_route=%2Fwp%2Fv2%2Fcategories&post=9642"},{"taxonomy":"post_tag","embeddable":true,"href":"https:\/\/partediario.com.ar\/index.php?rest_route=%2Fwp%2Fv2%2Ftags&post=9642"}],"curies":[{"name":"wp","href":"https:\/\/api.w.org\/{rel}","templated":true}]}}