{"id":9651,"date":"2024-11-27T13:23:55","date_gmt":"2024-11-27T16:23:55","guid":{"rendered":"https:\/\/partediario.com.ar\/?p=9651"},"modified":"2024-11-28T12:37:45","modified_gmt":"2024-11-28T15:37:45","slug":"maria-cash-el-camionero-se-nego-a-declarar-y-fue-imputado","status":"publish","type":"post","link":"https:\/\/partediario.com.ar\/?p=9651","title":{"rendered":"Mar\u00eda Cash: el camionero se neg\u00f3 a declarar y fue imputado"},"content":{"rendered":"\n<h3 class=\"wp-block-heading\">El camionero H\u00e9ctor Romero detenido por la desaparici\u00f3n de Mar\u00eda Cash se neg\u00f3 a declarar y fue imputado por homicidio calificado por su participaci\u00f3n en el caso de la joven dise\u00f1adora, quien fuera vista por \u00faltima vez el 8 de julio de 2011 en Salta.<\/h3>\n\n\n\n<p>Este mi\u00e9rcoles Romero fue trasladado al juzgado federal y se abstuvo de declarar, no obstante y pese a la negativa a declarar, fue imputado por el delito de homicidio calificado por alevos\u00eda.<\/p>\n\n\n\n<p><\/p>\n\n\n\n<figure class=\"wp-block-image size-large\"><img loading=\"lazy\" decoding=\"async\" width=\"1024\" height=\"618\" src=\"https:\/\/partediario.com.ar\/wp-content\/uploads\/mcash-1024x618.jpg\" alt=\"\" class=\"wp-image-9652\" srcset=\"https:\/\/partediario.com.ar\/wp-content\/uploads\/mcash-1024x618.jpg 1024w, https:\/\/partediario.com.ar\/wp-content\/uploads\/mcash-300x181.jpg 300w, https:\/\/partediario.com.ar\/wp-content\/uploads\/mcash-768x464.jpg 768w, https:\/\/partediario.com.ar\/wp-content\/uploads\/mcash.jpg 1201w\" sizes=\"auto, (max-width: 1024px) 100vw, 1024px\" \/><figcaption class=\"wp-element-caption\"><strong>Mar\u00eda Cash.<\/strong><\/figcaption><\/figure>\n\n\n\n<p><\/p>\n\n\n\n<p>El camionero fue detenido este martes por orden de la jueza Mariela Gim\u00e9nez tras de 13 a\u00f1os del inicio del expediente, donde \u00e9l ya se encontraba incluido desde un comienzo al ser la \u00faltima persona que la vio con vida.<\/p>\n\n\n\n<p>Luego de la confirmaci\u00f3n de su detenci\u00f3n, efectivos de Gendarmer\u00eda Nacional trasladaron al acusado hasta la sede de la Polic\u00eda Federal en Salta.<\/p>\n\n\n\n<p>En un principio Romero solo estaba incorporado en el caso como testigo, pero en los \u00faltimos d\u00edas su situaci\u00f3n procesal se modific\u00f3 y ahora est\u00e1 detenido por su posible vinculaci\u00f3n con la desaparici\u00f3n de Cash.<\/p>\n\n\n\n<p>Sus declaraciones fueron modific\u00e1ndose a lo largo de los a\u00f1os, lo que gener\u00f3 inc\u00f3gnitas en los investigadores y la Justicia.<\/p>\n\n\n\n<p>Seg\u00fan su declaraci\u00f3n testimonial inicial, el camionero habr\u00eda levantado a la joven en la rotonda de Torzalito, en la ciudad de General G\u00fcemes, y la habr\u00eda trasladado hasta la Difunta Correa, en el paraje Palomitas.<\/p>\n","protected":false},"excerpt":{"rendered":"<p>El camionero H&eacute;ctor Romero detenido por la desaparici&oacute;n de Mar&iacute;a Cash se neg&oacute; a declarar y fue imputado por homicidio calificado por su participaci&oacute;n en el caso de la joven dise&ntilde;adora, quien fuera vista por &uacute;ltima vez el 8 de julio de 2011 en Salta. Este mi&eacute;rcoles Romero fue trasladado al juzgado federal y se [&hellip;]<\/p>\n","protected":false},"author":2,"featured_media":9653,"comment_status":"open","ping_status":"open","sticky":false,"template":"","format":"standard","meta":{"footnotes":""},"categories":[979,5,7],"tags":[4394,4395,4397,4396],"class_list":["post-9651","post","type-post","status-publish","format-standard","has-post-thumbnail","hentry","category-judiciales","category-nacionales","category-policiales","tag-camionero","tag-hector-romero","tag-imputado","tag-maria-cash"],"_links":{"self":[{"href":"https:\/\/partediario.com.ar\/index.php?rest_route=\/wp\/v2\/posts\/9651","targetHints":{"allow":["GET"]}}],"collection":[{"href":"https:\/\/partediario.com.ar\/index.php?rest_route=\/wp\/v2\/posts"}],"about":[{"href":"https:\/\/partediario.com.ar\/index.php?rest_route=\/wp\/v2\/types\/post"}],"author":[{"embeddable":true,"href":"https:\/\/partediario.com.ar\/index.php?rest_route=\/wp\/v2\/users\/2"}],"replies":[{"embeddable":true,"href":"https:\/\/partediario.com.ar\/index.php?rest_route=%2Fwp%2Fv2%2Fcomments&post=9651"}],"version-history":[{"count":1,"href":"https:\/\/partediario.com.ar\/index.php?rest_route=\/wp\/v2\/posts\/9651\/revisions"}],"predecessor-version":[{"id":9654,"href":"https:\/\/partediario.com.ar\/index.php?rest_route=\/wp\/v2\/posts\/9651\/revisions\/9654"}],"wp:featuredmedia":[{"embeddable":true,"href":"https:\/\/partediario.com.ar\/index.php?rest_route=\/wp\/v2\/media\/9653"}],"wp:attachment":[{"href":"https:\/\/partediario.com.ar\/index.php?rest_route=%2Fwp%2Fv2%2Fmedia&parent=9651"}],"wp:term":[{"taxonomy":"category","embeddable":true,"href":"https:\/\/partediario.com.ar\/index.php?rest_route=%2Fwp%2Fv2%2Fcategories&post=9651"},{"taxonomy":"post_tag","embeddable":true,"href":"https:\/\/partediario.com.ar\/index.php?rest_route=%2Fwp%2Fv2%2Ftags&post=9651"}],"curies":[{"name":"wp","href":"https:\/\/api.w.org\/{rel}","templated":true}]}}