{"id":9658,"date":"2024-11-27T13:36:22","date_gmt":"2024-11-27T16:36:22","guid":{"rendered":"https:\/\/partediario.com.ar\/?p=9658"},"modified":"2024-11-28T12:37:37","modified_gmt":"2024-11-28T15:37:37","slug":"el-gobierno-anuncio-la-modernizacion-del-inta","status":"publish","type":"post","link":"https:\/\/partediario.com.ar\/?p=9658","title":{"rendered":"El Gobierno anunci\u00f3 la modernizaci\u00f3n del INTA"},"content":{"rendered":"\n<h3 class=\"wp-block-heading\">El vocero presidencial, Manuel Adorni, anunci\u00f3 hoy en su habitual conferencia de prensa, la modernizaci\u00f3n del Instituto Nacional de Tecnolog\u00eda Agropecuaria (INTA), organismo de investigaci\u00f3n, estatal, descentralizado, que incluir\u00e1 la venta de edificios y tierras subutilizadas.<\/h3>\n\n\n\n<p>En conferencia de prensa, el vocero afirm\u00f3 que \u201cninguna oficina estatal tiene derecho a extirparle la riqueza a los argentinos\u201d a la vez que indic\u00f3 que \u201cse termin\u00f3 el uso de los organismos p\u00fablicos como m\u00e1quinas para financiar el despilfarro de la vieja pol\u00edtica\u201d.<\/p>\n\n\n\n<p>\u201cEl Gobierno puso en marcha un plan para modernizar el INTA que es un organismo fundamental para el desarrollo del campo argentino cuyos objetivos fueron, lamentablemente, desvirtuados por la gesti\u00f3n anterior\u00bb, indic\u00f3, y a\u00f1adi\u00f3: \u00abDesde el a\u00f1o 2007, el INTA se enfoc\u00f3 en temas que nada ten\u00edan que ver con la productividad agr\u00edcola, como las cuestiones de g\u00e9nero, los falsos mapuches y la agricultura familiar. Adem\u00e1s, el 50% de sus 6.852 empleados actuales ingres\u00f3 durante los gobiernos de Cristina Fern\u00e1ndez entre 2007 y 2015\u201d, apunt\u00f3.<\/p>\n\n\n\n<p>Adem\u00e1s, cuestion\u00f3: \u201cDe los 250 millones de d\u00f3lares al a\u00f1o que recibe el INTA, el 90% se usa para pagar sueldos. Hoy la participaci\u00f3n privada, en las investigaciones del INTA, es inferior al 10% y el objetivo es que esta cifra aumente al 30% para el a\u00f1o 2027&#8243;.<\/p>\n\n\n\n<p>Seg\u00fan explic\u00f3 el funcionario, el plan de modernizaci\u00f3n incluye la venta de edificios y tierras subutilizadas, entre la que destaca el inmueble ubicado en Avenida Cervi\u00f1o y Ortiz de Campo, en Palermo que est\u00e1 valuado en 6 millones de d\u00f3lares, como precio base, y cuenta con m\u00e1s de 3100 m2 de superficie cubierta \u00abpara apenas 140 empleados\u201d, destac\u00f3.<\/p>\n\n\n\n<p>\u00abLo recaudado por la venta de este edificio quedar\u00e1 en manos del propio INTA y ser\u00e1 destinado a financiar a los investigaciones\u201d, remarc\u00f3.<\/p>\n\n\n\n<p>Y detall\u00f3 que el INTA utiliza 45 mil de las 116 mil hect\u00e1reas para la investigaci\u00f3n, y anticip\u00f3 que se dar\u00e1 de baja los 227 ingresos que se hicieron bajo la gesti\u00f3n de Alberto Fern\u00e1ndez.<\/p>\n\n\n\n<p>El consejo directivo del INTA votar\u00e1 ma\u00f1ana el plan de modernizaci\u00f3n, por lo que Adorni incentiv\u00f3 a los directivos de \u201caprobar estas medidas que le van a brindar m\u00e1s recursos al organismo p\u00fablico para mejorar su equipamiento, modernizarlo y potenciar sus investigaciones\u201d.<\/p>\n\n\n\n<p>\u201cConfiamos en que su consejo directivo est\u00e9 a favor de tener un INTA que tenga o que funcione para los fines que fue pensado y no para lo que se lo ha utilizado \u00faltimamente\u201d, finaliz\u00f3.<\/p>\n","protected":false},"excerpt":{"rendered":"<p>El vocero presidencial, Manuel Adorni, anunci&oacute; hoy en su habitual conferencia de prensa, la modernizaci&oacute;n del Instituto Nacional de Tecnolog&iacute;a Agropecuaria (INTA), organismo de investigaci&oacute;n, estatal, descentralizado, que incluir&aacute; la venta de edificios y tierras subutilizadas. En conferencia de prensa, el vocero afirm&oacute; que &ldquo;ninguna oficina estatal tiene derecho a extirparle la riqueza a los [&hellip;]<\/p>\n","protected":false},"author":2,"featured_media":9659,"comment_status":"open","ping_status":"open","sticky":false,"template":"","format":"standard","meta":{"footnotes":""},"categories":[5,176],"tags":[3844,646,4398],"class_list":["post-9658","post","type-post","status-publish","format-standard","has-post-thumbnail","hentry","category-nacionales","category-politica","tag-inta","tag-manuel-adorni","tag-modernizacion"],"_links":{"self":[{"href":"https:\/\/partediario.com.ar\/index.php?rest_route=\/wp\/v2\/posts\/9658","targetHints":{"allow":["GET"]}}],"collection":[{"href":"https:\/\/partediario.com.ar\/index.php?rest_route=\/wp\/v2\/posts"}],"about":[{"href":"https:\/\/partediario.com.ar\/index.php?rest_route=\/wp\/v2\/types\/post"}],"author":[{"embeddable":true,"href":"https:\/\/partediario.com.ar\/index.php?rest_route=\/wp\/v2\/users\/2"}],"replies":[{"embeddable":true,"href":"https:\/\/partediario.com.ar\/index.php?rest_route=%2Fwp%2Fv2%2Fcomments&post=9658"}],"version-history":[{"count":1,"href":"https:\/\/partediario.com.ar\/index.php?rest_route=\/wp\/v2\/posts\/9658\/revisions"}],"predecessor-version":[{"id":9660,"href":"https:\/\/partediario.com.ar\/index.php?rest_route=\/wp\/v2\/posts\/9658\/revisions\/9660"}],"wp:featuredmedia":[{"embeddable":true,"href":"https:\/\/partediario.com.ar\/index.php?rest_route=\/wp\/v2\/media\/9659"}],"wp:attachment":[{"href":"https:\/\/partediario.com.ar\/index.php?rest_route=%2Fwp%2Fv2%2Fmedia&parent=9658"}],"wp:term":[{"taxonomy":"category","embeddable":true,"href":"https:\/\/partediario.com.ar\/index.php?rest_route=%2Fwp%2Fv2%2Fcategories&post=9658"},{"taxonomy":"post_tag","embeddable":true,"href":"https:\/\/partediario.com.ar\/index.php?rest_route=%2Fwp%2Fv2%2Ftags&post=9658"}],"curies":[{"name":"wp","href":"https:\/\/api.w.org\/{rel}","templated":true}]}}