{"id":9698,"date":"2024-11-28T12:18:20","date_gmt":"2024-11-28T15:18:20","guid":{"rendered":"https:\/\/partediario.com.ar\/?p=9698"},"modified":"2024-11-29T13:05:27","modified_gmt":"2024-11-29T16:05:27","slug":"paro-y-movilizacion-de-enfermeros-en-hospitales-de-la-ciudad-de-buenos-aires","status":"publish","type":"post","link":"https:\/\/partediario.com.ar\/?p=9698","title":{"rendered":"Paro y movilizaci\u00f3n de enfermeros en hospitales de la Ciudad de Buenos Aires"},"content":{"rendered":"\n<h3 class=\"wp-block-heading\">La movilizaci\u00f3n y paro estar\u00e1 organizado por la Asociaci\u00f3n de Trabajadores del Estado (ATE). Ser\u00e1 este jueves por la ma\u00f1ana y partir\u00e1 desde la puerta de la Legislatura Porte\u00f1a.<\/h3>\n\n\n\n<p>Enfermeros de hospitales porte\u00f1os realizar\u00e1n un paro con movilizaci\u00f3n este jueves por la ma\u00f1ana. Est\u00e1 organizado por la Asociaci\u00f3n de Trabajadores del Estado (ATE) y partir\u00e1 desde la puerta de la Legislatura porte\u00f1a.<\/p>\n\n\n\n<p>El cese de actividades ser\u00e1 de 24 horas, y abarcar\u00e1 no s\u00f3lo en hospitales p\u00fablicos pertenecientes a la Ciudad de Buenos Aires, sino tambi\u00e9n en los Centros de Salud y Acci\u00f3n Comunitaria (CeSAC).<\/p>\n\n\n\n<p>El motivo principal de esta movilizaci\u00f3n es impulsar el tratamiento inmediato del proyecto de inclusi\u00f3n a la Ley 6035, que nuclea a los profesionales de la Salud; por otra pate, reclamar la igualdad de carga horaria con los dem\u00e1s trabajadores del sector y el 90% de sueldo de la categor\u00eda de ingreso a la carrera profesional.<\/p>\n\n\n\n<p>Adem\u00e1s, desde ATE exigen terminar \u201ccon la modalidad punitiva de la evaluaci\u00f3n por desempe\u00f1o\u201d y estar \u201cdentro de las estructuras profesionales y no dentro del escalaf\u00f3n general\u201d, es decir, de la carrera administrativa.<\/p>\n\n\n\n<p>Bajo este proyecto de Ley, se otorgar\u00eda \u201cel 2X1 en beneficio por el trabajo realizado en pandemia\u201d, se reconocer\u00eda \u201cla especialidad, actividad cr\u00edtica y la insalubridad en los servicios de \u00e1reas cerradas\u201d e impulsar que la guardia de enfermer\u00eda tenga otro valor y que se reconozcan las horas de recargo en los d\u00edas no laborales y feriados.<\/p>\n","protected":false},"excerpt":{"rendered":"<p>La movilizaci&oacute;n y paro estar&aacute; organizado por la Asociaci&oacute;n de Trabajadores del Estado (ATE). Ser&aacute; este jueves por la ma&ntilde;ana y partir&aacute; desde la puerta de la Legislatura Porte&ntilde;a. Enfermeros de hospitales porte&ntilde;os realizar&aacute;n un paro con movilizaci&oacute;n este jueves por la ma&ntilde;ana. Est&aacute; organizado por la Asociaci&oacute;n de Trabajadores del Estado (ATE) y partir&aacute; [&hellip;]<\/p>\n","protected":false},"author":2,"featured_media":9699,"comment_status":"open","ping_status":"open","sticky":false,"template":"","format":"standard","meta":{"footnotes":""},"categories":[978,5],"tags":[219,388,4424,390,222,691],"class_list":["post-9698","post","type-post","status-publish","format-standard","has-post-thumbnail","hentry","category-gremiales","category-nacionales","tag-ate","tag-caba","tag-enfermeros","tag-legislatura","tag-movilizacion","tag-paro"],"_links":{"self":[{"href":"https:\/\/partediario.com.ar\/index.php?rest_route=\/wp\/v2\/posts\/9698","targetHints":{"allow":["GET"]}}],"collection":[{"href":"https:\/\/partediario.com.ar\/index.php?rest_route=\/wp\/v2\/posts"}],"about":[{"href":"https:\/\/partediario.com.ar\/index.php?rest_route=\/wp\/v2\/types\/post"}],"author":[{"embeddable":true,"href":"https:\/\/partediario.com.ar\/index.php?rest_route=\/wp\/v2\/users\/2"}],"replies":[{"embeddable":true,"href":"https:\/\/partediario.com.ar\/index.php?rest_route=%2Fwp%2Fv2%2Fcomments&post=9698"}],"version-history":[{"count":1,"href":"https:\/\/partediario.com.ar\/index.php?rest_route=\/wp\/v2\/posts\/9698\/revisions"}],"predecessor-version":[{"id":9700,"href":"https:\/\/partediario.com.ar\/index.php?rest_route=\/wp\/v2\/posts\/9698\/revisions\/9700"}],"wp:featuredmedia":[{"embeddable":true,"href":"https:\/\/partediario.com.ar\/index.php?rest_route=\/wp\/v2\/media\/9699"}],"wp:attachment":[{"href":"https:\/\/partediario.com.ar\/index.php?rest_route=%2Fwp%2Fv2%2Fmedia&parent=9698"}],"wp:term":[{"taxonomy":"category","embeddable":true,"href":"https:\/\/partediario.com.ar\/index.php?rest_route=%2Fwp%2Fv2%2Fcategories&post=9698"},{"taxonomy":"post_tag","embeddable":true,"href":"https:\/\/partediario.com.ar\/index.php?rest_route=%2Fwp%2Fv2%2Ftags&post=9698"}],"curies":[{"name":"wp","href":"https:\/\/api.w.org\/{rel}","templated":true}]}}