{"id":9701,"date":"2024-11-28T12:22:27","date_gmt":"2024-11-28T15:22:27","guid":{"rendered":"https:\/\/partediario.com.ar\/?p=9701"},"modified":"2024-11-29T13:05:22","modified_gmt":"2024-11-29T16:05:22","slug":"piden-prision-preventiva-para-los-siete-detenidos-en-la-causa-loan-pena","status":"publish","type":"post","link":"https:\/\/partediario.com.ar\/?p=9701","title":{"rendered":"Piden prisi\u00f3n preventiva para los siete detenidos en la causa Loan Pe\u00f1a"},"content":{"rendered":"\n<h3 class=\"wp-block-heading\">Los fiscales de la causa por la desaparici\u00f3n del peque\u00f1o Loan Danilo Pe\u00f1a en Corrientes, solicitaron los procesamientos con prisi\u00f3n preventiva de los siete detenidos, indagatorias a personas involucradas y la realizaci\u00f3n de nuevas pericias. Resta saber si la jueza Cristina Penzo acepta la petici\u00f3n.<\/h3>\n\n\n\n<p>En las \u00faltimas horas el fiscal federal de Goya, Mariano de Guzm\u00e1n, y los responsables de la Procuradur\u00eda contra la Trata y Explotaci\u00f3n de Personas (Protex), le solicitaron a la jueza nuevos requerimientos a 168 d\u00edas de la b\u00fasqueda del menor.<\/p>\n\n\n\n<p>En este sentido, la Justicia destac\u00f3 que Antonio Ben\u00edtez, M\u00f3nica del Carmen Millapi, Daniel \u201cFierrito\u201d Ram\u00edrez, Carlos P\u00e9rez, Victoria Caillava y Laudelina Pe\u00f1a deber\u00e1n ser procesados por la sustracci\u00f3n y ocultamiento del menor, mientras que para el comisario Walter Maciel por haber entorpecido la investigaci\u00f3n y facilitado el encubrimiento.<\/p>\n\n\n\n<p>Adem\u00e1s, se le suma las indagatorias a Macarena Pe\u00f1a, prima de Loan e hija de Laudelina, y de Cristian Agust\u00edn Guti\u00e9rrez, amigo de Ben\u00edtez.<\/p>\n\n\n\n<p>Finalizando, el pr\u00f3ximo 27 de diciembre se realizar\u00e1n las pericias tecnol\u00f3gicas en el Comando Unificado Corrientes (CUC) donde se analizar\u00e1n todos los dispositivos secuestrados en la causa.<\/p>\n\n\n\n<p>Van a rastrillar lagunas que hasta ahora no fueron analizadas<\/p>\n\n\n\n<p>Al menos cuatro lagunas van a ser rastrilladas en el caso luego de confirmarse que durante la investigaci\u00f3n no fueron analizadas. Existe la posibilidad adem\u00e1s que alguna de ellas sea vaciada para una mayor precisi\u00f3n de los resultados.<\/p>\n\n\n\n<p>\u201cExisten procedimientos previos a esa determinaci\u00f3n. Rastrillaje y b\u00fasqueda acu\u00e1tica bajo la direcci\u00f3n de SIFEBU, es decir, lo que debi\u00f3 hacerse anteriormente y no se hizo\u201d, explic\u00f3 el abogado Juan Pablo Gallego.<\/p>\n\n\n\n<p>Se supo que una de las lagunas est\u00e1 cercana al campo de Caillava y P\u00e9rez, dos de los detenidos que tiene la causa.<\/p>\n","protected":false},"excerpt":{"rendered":"<p>Los fiscales de la causa por la desaparici&oacute;n del peque&ntilde;o Loan Danilo Pe&ntilde;a en Corrientes, solicitaron los procesamientos con prisi&oacute;n preventiva de los siete detenidos, indagatorias a personas involucradas y la realizaci&oacute;n de nuevas pericias. Resta saber si la jueza Cristina Penzo acepta la petici&oacute;n. En las &uacute;ltimas horas el fiscal federal de Goya, Mariano [&hellip;]<\/p>\n","protected":false},"author":2,"featured_media":9668,"comment_status":"open","ping_status":"open","sticky":false,"template":"","format":"standard","meta":{"footnotes":""},"categories":[979,5],"tags":[2163,465,489,4426,4425,369],"class_list":["post-9701","post","type-post","status-publish","format-standard","has-post-thumbnail","hentry","category-judiciales","category-nacionales","tag-cristina-penzo","tag-detenidos","tag-loan-danilo-pena","tag-mariano-guzman","tag-piden","tag-preventiva"],"_links":{"self":[{"href":"https:\/\/partediario.com.ar\/index.php?rest_route=\/wp\/v2\/posts\/9701","targetHints":{"allow":["GET"]}}],"collection":[{"href":"https:\/\/partediario.com.ar\/index.php?rest_route=\/wp\/v2\/posts"}],"about":[{"href":"https:\/\/partediario.com.ar\/index.php?rest_route=\/wp\/v2\/types\/post"}],"author":[{"embeddable":true,"href":"https:\/\/partediario.com.ar\/index.php?rest_route=\/wp\/v2\/users\/2"}],"replies":[{"embeddable":true,"href":"https:\/\/partediario.com.ar\/index.php?rest_route=%2Fwp%2Fv2%2Fcomments&post=9701"}],"version-history":[{"count":1,"href":"https:\/\/partediario.com.ar\/index.php?rest_route=\/wp\/v2\/posts\/9701\/revisions"}],"predecessor-version":[{"id":9702,"href":"https:\/\/partediario.com.ar\/index.php?rest_route=\/wp\/v2\/posts\/9701\/revisions\/9702"}],"wp:featuredmedia":[{"embeddable":true,"href":"https:\/\/partediario.com.ar\/index.php?rest_route=\/wp\/v2\/media\/9668"}],"wp:attachment":[{"href":"https:\/\/partediario.com.ar\/index.php?rest_route=%2Fwp%2Fv2%2Fmedia&parent=9701"}],"wp:term":[{"taxonomy":"category","embeddable":true,"href":"https:\/\/partediario.com.ar\/index.php?rest_route=%2Fwp%2Fv2%2Fcategories&post=9701"},{"taxonomy":"post_tag","embeddable":true,"href":"https:\/\/partediario.com.ar\/index.php?rest_route=%2Fwp%2Fv2%2Ftags&post=9701"}],"curies":[{"name":"wp","href":"https:\/\/api.w.org\/{rel}","templated":true}]}}