{"id":9705,"date":"2024-11-28T12:34:18","date_gmt":"2024-11-28T15:34:18","guid":{"rendered":"https:\/\/partediario.com.ar\/?p=9705"},"modified":"2024-11-29T13:05:15","modified_gmt":"2024-11-29T16:05:15","slug":"formula-1-colapinto-preparado-para-su-participacion-en-el-gp-de-qatar","status":"publish","type":"post","link":"https:\/\/partediario.com.ar\/?p=9705","title":{"rendered":"F\u00f3rmula 1: Colapinto preparado para su participaci\u00f3n en el GP de Qatar"},"content":{"rendered":"\n<h3 class=\"wp-block-heading\">El piloto argentino de Williams, Franco Colapinto, iniciar\u00e1 su participaci\u00f3n en el Gran Premio de Qatar de la F\u00f3rmula 1 este viernes, cuando dispute las pr\u00e1cticas libres y la clasificaci\u00f3n de la Sprint Race.<\/h3>\n\n\n\n<p>Todo comenzar\u00e1 a las 10:30 de la ma\u00f1ana, horario en el que se iniciar\u00e1n las pr\u00e1cticas libres. Colapinto dispondr\u00e1 de una hora para conocer este circuito donde nunca corri\u00f3.<\/p>\n\n\n\n<p>M\u00e1s tarde, a las 14:30, se llevar\u00e1 adelante la clasificaci\u00f3n para la Sprint Race, donde Colapinto tendr\u00e1 una buena oportunidad para tomarse revancha luego del impactante choque que protagoniz\u00f3 en la Qualy del GP de Las Vegas, quedando destruido a su Williams FW46.<\/p>\n\n\n\n<p>El GP de Qatar ser\u00e1 el octavo para Colapinto en la F\u00f3rmula 1, donde ya corri\u00f3 en Italia, Azerbaiy\u00e1n, Singapur, Estados Unidos, M\u00e9xico, Brasil y Las Vegas.<\/p>\n\n\n\n<p>El mejor resultado para el argentino fue en el GP de Azerbaiy\u00e1n, donde cruz\u00f3 la bandera a cuadros en la octava posici\u00f3n.<\/p>\n\n\n\n<p>Este Gran Premio ser\u00e1 adem\u00e1s una gran oportunidad para que Colapinto vuelva a conseguir buenos resultados, ya que en sus primeras seis carreras no hab\u00eda bajado de la duod\u00e9cima posici\u00f3n, y en Brasil tuvo que abandonar por un fuerte choque en la lluvia y en Las Vegas termin\u00f3 decimocuarto luego de largar desde el pit lane.<\/p>\n\n\n\n<p>El futuro de Colapinto en la F\u00f3rmula 1<\/p>\n\n\n\n<p>El futuro de Colapinto sigue siendo un misterio, sin embargo Gunther Steiner, exdirector de Haas, dej\u00f3 entrever una posibilidad sorprendente, donde supuestamente la escuder\u00eda de Williams ya lo vendi\u00f3 a otro equipo para 2025: \u201cYa le han vendido a otro equipo\u201d.<\/p>\n\n\n\n<p>Steiner indic\u00f3 que el revuelo medi\u00e1tico en torno a Colapinto podr\u00e1 estar afectando su desempe\u00f1o en la pista: \u00abCreo que ha habido mucho bombo alrededor de \u00e9l. Para m\u00ed, Franco Colapinto ha hecho un gran trabajo en las dos o tres primeras carreras. Conducir a la par de Alex Albon es bueno. Es un buen piloto\u00bb, destac\u00f3.<\/p>\n\n\n\n<p>Adem\u00e1s en declaraciones exclusivas a Motorsports, Steiner se\u00f1al\u00f3: \u201cPor eso te levantan cuando tienes una buena actuaci\u00f3n. Hay que lidiar con eso, y tambi\u00e9n con \u00e9l como equipo\u201d, adem\u00e1s agreg\u00f3: \u201cYa le han vendido a otro equipo por no s\u00e9 cu\u00e1ntos millones, etc\u201d, concl<\/p>\n","protected":false},"excerpt":{"rendered":"<p>El piloto argentino de Williams, Franco Colapinto, iniciar&aacute; su participaci&oacute;n en el Gran Premio de Qatar de la F&oacute;rmula 1 este viernes, cuando dispute las pr&aacute;cticas libres y la clasificaci&oacute;n de la Sprint Race. Todo comenzar&aacute; a las 10:30 de la ma&ntilde;ana, horario en el que se iniciar&aacute;n las pr&aacute;cticas libres. Colapinto dispondr&aacute; de una [&hellip;]<\/p>\n","protected":false},"author":2,"featured_media":9706,"comment_status":"open","ping_status":"open","sticky":false,"template":"","format":"standard","meta":{"footnotes":""},"categories":[4,5],"tags":[2847,4430],"class_list":["post-9705","post","type-post","status-publish","format-standard","has-post-thumbnail","hentry","category-deportes","category-nacionales","tag-franco-colapinto","tag-gp-qatar"],"_links":{"self":[{"href":"https:\/\/partediario.com.ar\/index.php?rest_route=\/wp\/v2\/posts\/9705","targetHints":{"allow":["GET"]}}],"collection":[{"href":"https:\/\/partediario.com.ar\/index.php?rest_route=\/wp\/v2\/posts"}],"about":[{"href":"https:\/\/partediario.com.ar\/index.php?rest_route=\/wp\/v2\/types\/post"}],"author":[{"embeddable":true,"href":"https:\/\/partediario.com.ar\/index.php?rest_route=\/wp\/v2\/users\/2"}],"replies":[{"embeddable":true,"href":"https:\/\/partediario.com.ar\/index.php?rest_route=%2Fwp%2Fv2%2Fcomments&post=9705"}],"version-history":[{"count":1,"href":"https:\/\/partediario.com.ar\/index.php?rest_route=\/wp\/v2\/posts\/9705\/revisions"}],"predecessor-version":[{"id":9707,"href":"https:\/\/partediario.com.ar\/index.php?rest_route=\/wp\/v2\/posts\/9705\/revisions\/9707"}],"wp:featuredmedia":[{"embeddable":true,"href":"https:\/\/partediario.com.ar\/index.php?rest_route=\/wp\/v2\/media\/9706"}],"wp:attachment":[{"href":"https:\/\/partediario.com.ar\/index.php?rest_route=%2Fwp%2Fv2%2Fmedia&parent=9705"}],"wp:term":[{"taxonomy":"category","embeddable":true,"href":"https:\/\/partediario.com.ar\/index.php?rest_route=%2Fwp%2Fv2%2Fcategories&post=9705"},{"taxonomy":"post_tag","embeddable":true,"href":"https:\/\/partediario.com.ar\/index.php?rest_route=%2Fwp%2Fv2%2Ftags&post=9705"}],"curies":[{"name":"wp","href":"https:\/\/api.w.org\/{rel}","templated":true}]}}