{"id":9708,"date":"2024-11-28T19:44:02","date_gmt":"2024-11-28T22:44:02","guid":{"rendered":"https:\/\/partediario.com.ar\/?p=9708"},"modified":"2024-11-29T13:05:10","modified_gmt":"2024-11-29T16:05:10","slug":"murio-lia-crucet-a-los-72-anos","status":"publish","type":"post","link":"https:\/\/partediario.com.ar\/?p=9708","title":{"rendered":"Muri\u00f3 L\u00eda Crucet a los 72 a\u00f1os"},"content":{"rendered":"\n<p class=\"has-medium-font-size\"><strong>Una de las m\u00e1ximas referentes de la m\u00fasica tropical hab\u00eda sufrido un gran deterioro en su salud durante los \u00faltimos a\u00f1os.<\/strong><\/p>\n\n\n\n<p>La cantante de m\u00fasica tropical Delia Crucet, conocida art\u00edsticamente como L\u00eda Crucet, muri\u00f3 esta tarde a sus 72 a\u00f1os tras batallar con un c\u00e1ncer broncopulmonar. A fines de 2021 fue trasladada a un geri\u00e1trico en la ciudad de Mar del Plata y en marzo de 2022 debi\u00f3 ser intervenida debido a una cirug\u00eda anterior.<\/p>\n\n\n\n<p>En 2012, la artista fue diagnosticada con c\u00e1ncer de \u00fatero, por lo que debi\u00f3 someterse a una intervenci\u00f3n quir\u00fargica para evitar que avance.<\/p>\n\n\n\n<p>Si bien su familia cercana cont\u00f3 que L\u00eda estaba bien psicol\u00f3gicamente, el 2021 fue uno de sus a\u00f1os m\u00e1s dif\u00edciles a nivel f\u00edsico. La cantante sufri\u00f3 un accidente dom\u00e9stico en el cual se quebr\u00f3 la cadera, padeci\u00f3 una neumon\u00eda, baj\u00f3 60 kilos y tuvo una perdida parcial de pelo.<\/p>\n\n\n\n<p>\u201cTiene c\u00e1ncer broncopulmonar, no se le puede tratar y est\u00e1 d\u00e9bil\u201d, detall\u00f3 Karina, hija de la cantante, NA el mi\u00e9rcoles 27 de noviembre.<\/p>\n\n\n\n<p>Tras la reciente perdida, Karina se despidi\u00f3 de su madre con un sentido mensaje en sus historias de Instagram: \u201cTe amo para siempre\u201d, se lament\u00f3.<\/p>\n\n\n\n<p>L\u00eda Crucet fue una vedette y cantante argentina conocida por su papel destacado en la m\u00fasica tropical y el cuarteto. Naci\u00f3 el 8 de agosto de 1952 en Gerli, Buenos Aires. A lo largo de su carrera, se convirti\u00f3 en un \u00edcono de la movida tropical, con canciones memorables como \u201cLa G\u00fcera Salome\u201d y \u201cQue Bello\u201d.<\/p>\n\n\n\n<p>Sus inicios en los medios fueron a trav\u00e9s de los teatros de revista y la televisi\u00f3n, pero no fue hasta los a\u00f1os 80 que decidi\u00f3 dedicarse a la m\u00fasica. Hizo su debut con su primer disco llamado Yo no soy abusadora, pero fue su segundo \u00e1lbum La Movidita la que la consagr\u00f3 como la n\u00famero uno de la movida tropical.<\/p>\n\n\n\n<p><\/p>\n\n\n\n<figure class=\"wp-block-embed is-type-video is-provider-youtube wp-block-embed-youtube wp-embed-aspect-16-9 wp-has-aspect-ratio\"><div class=\"wp-block-embed__wrapper\">\n<iframe loading=\"lazy\" title=\"LIA CRUCET minirecital CANTANDO EN VIVO CON SUS MUSICOS! 1995\" width=\"640\" height=\"360\" src=\"https:\/\/www.youtube.com\/embed\/qIzp1bvzokg?feature=oembed\" frameborder=\"0\" allow=\"accelerometer; autoplay; clipboard-write; encrypted-media; gyroscope; picture-in-picture; web-share\" referrerpolicy=\"strict-origin-when-cross-origin\" allowfullscreen><\/iframe>\n<\/div><\/figure>\n","protected":false},"excerpt":{"rendered":"<p>Una de las m&aacute;ximas referentes de la m&uacute;sica tropical hab&iacute;a sufrido un gran deterioro en su salud durante los &uacute;ltimos a&ntilde;os. La cantante de m&uacute;sica tropical Delia Crucet, conocida art&iacute;sticamente como L&iacute;a Crucet, muri&oacute; esta tarde a sus 72 a&ntilde;os tras batallar con un c&aacute;ncer broncopulmonar. A fines de 2021 fue trasladada a un geri&aacute;trico [&hellip;]<\/p>\n","protected":false},"author":2,"featured_media":9665,"comment_status":"open","ping_status":"open","sticky":false,"template":"","format":"standard","meta":{"footnotes":""},"categories":[4329,5],"tags":[4401,561],"class_list":["post-9708","post","type-post","status-publish","format-standard","has-post-thumbnail","hentry","category-espectaculos","category-nacionales","tag-lia-crucet","tag-murio"],"_links":{"self":[{"href":"https:\/\/partediario.com.ar\/index.php?rest_route=\/wp\/v2\/posts\/9708","targetHints":{"allow":["GET"]}}],"collection":[{"href":"https:\/\/partediario.com.ar\/index.php?rest_route=\/wp\/v2\/posts"}],"about":[{"href":"https:\/\/partediario.com.ar\/index.php?rest_route=\/wp\/v2\/types\/post"}],"author":[{"embeddable":true,"href":"https:\/\/partediario.com.ar\/index.php?rest_route=\/wp\/v2\/users\/2"}],"replies":[{"embeddable":true,"href":"https:\/\/partediario.com.ar\/index.php?rest_route=%2Fwp%2Fv2%2Fcomments&post=9708"}],"version-history":[{"count":1,"href":"https:\/\/partediario.com.ar\/index.php?rest_route=\/wp\/v2\/posts\/9708\/revisions"}],"predecessor-version":[{"id":9709,"href":"https:\/\/partediario.com.ar\/index.php?rest_route=\/wp\/v2\/posts\/9708\/revisions\/9709"}],"wp:featuredmedia":[{"embeddable":true,"href":"https:\/\/partediario.com.ar\/index.php?rest_route=\/wp\/v2\/media\/9665"}],"wp:attachment":[{"href":"https:\/\/partediario.com.ar\/index.php?rest_route=%2Fwp%2Fv2%2Fmedia&parent=9708"}],"wp:term":[{"taxonomy":"category","embeddable":true,"href":"https:\/\/partediario.com.ar\/index.php?rest_route=%2Fwp%2Fv2%2Fcategories&post=9708"},{"taxonomy":"post_tag","embeddable":true,"href":"https:\/\/partediario.com.ar\/index.php?rest_route=%2Fwp%2Fv2%2Ftags&post=9708"}],"curies":[{"name":"wp","href":"https:\/\/api.w.org\/{rel}","templated":true}]}}