{"id":9713,"date":"2024-11-29T12:14:19","date_gmt":"2024-11-29T15:14:19","guid":{"rendered":"https:\/\/partediario.com.ar\/?p=9713"},"modified":"2024-11-30T12:54:52","modified_gmt":"2024-11-30T15:54:52","slug":"sobre-ficha-limpia-generamos-una-sensacion-de-proscripcion-que-no-es-la-que-quiere-el-gobierno-expreso-francos","status":"publish","type":"post","link":"https:\/\/partediario.com.ar\/?p=9713","title":{"rendered":"Sobre Ficha Limpia: \u201cGeneramos una sensaci\u00f3n de proscripci\u00f3n que no es la que quiere el Gobierno\u201d, expres\u00f3 Francos"},"content":{"rendered":"\n<h3 class=\"wp-block-heading\">El jefe de Gabinete, Guillermo Francos, desminti\u00f3 el supuesto acuerdo con el kirchnerismo para garantizar la falta de qu\u00f3rum para tratar Ficha Limpia, y afirm\u00f3 que se est\u00e1 generando \u201cuna sensaci\u00f3n de proscripci\u00f3n\u201d sobre la dos veces presidenta Cristina Kirchner \u00abque no es la que quiere el Gobierno\u201d.<\/h3>\n\n\n\n<p>\u201cEstamos de acuerdo con la \u00abFicha Limpia\u00bb y lo que significa, lo que no estamos de acuerdo es que se pueda tomar como una especie de proscripci\u00f3n que es el riesgo que se tiene\u201d, se\u00f1al\u00f3 en una entrevista televisiva.<\/p>\n\n\n\n<p>Asimismo, a\u00f1adi\u00f3: \u201cHasta se coment\u00f3 que el propio Presidente hab\u00eda pedido no crear algo que para la sociedad, mayoritariamente, est\u00e1 terminando. No hagamos una especie de profec\u00eda\u201d.<\/p>\n\n\n\n<p>\u201cNo hagamos tanta alaraca de una norma que puede llegar a interpretarse como una proscripci\u00f3n que adem\u00e1s por ah\u00ed no puede aplicarse porque es posterior. Estamos generando una sensaci\u00f3n de proscripci\u00f3n que no es la que quiere el Gobierno\u201d, destac\u00f3 tras las cr\u00edticas de los diputados del PRO, la Uni\u00f3n C\u00edvica Radical y Coalici\u00f3n Federal que cuestionaron al oficialismo por las ausencias en la C\u00e1mara de Diputados.<\/p>\n\n\n\n<p>A pesar que ocho legisladores se ausentaron de la sesi\u00f3n, Francos descart\u00f3 la posibilidad de un acuerdo con el peronismo tras argumentar que faltaron diputados de todos los espacios, y al especificar que de haber estado el bloque completo a\u00fan as\u00ed no habr\u00edan alcanzado el n\u00famero necesario.<\/p>\n\n\n\n<p>\u201cEn qu\u00e9 momento el presidente dijo que quer\u00eda competir contra Cristina Fern\u00e1ndez de Kirchner o que quer\u00eda hacer una elecci\u00f3n con ella para ganar. El presidente nunca dijo esto. No tiene sentido vincular una cosa con la otra\u201d, afirm\u00f3.<\/p>\n\n\n\n<p>Para el titular de ministros, la votaci\u00f3n por Ficha Limpia no estaba asegurada, por lo que solicit\u00f3 no responsabilizar al oficialismo.<\/p>\n\n\n\n<p>A ra\u00edz de las cr\u00edticas del expresidenta Mauricio Macri, asever\u00f3 que \u201ccada sector o dirigente tiene derecho de expresar lo que le parezca\u00bb, y finaliz\u00f3: \u00abTendr\u00e1 que ver si faltaron diputados propios a la sesi\u00f3n\u201d.<\/p>\n\n\n\n<p><\/p>\n","protected":false},"excerpt":{"rendered":"<p>El jefe de Gabinete, Guillermo Francos, desminti&oacute; el supuesto acuerdo con el kirchnerismo para garantizar la falta de qu&oacute;rum para tratar Ficha Limpia, y afirm&oacute; que se est&aacute; generando &ldquo;una sensaci&oacute;n de proscripci&oacute;n&rdquo; sobre la dos veces presidenta Cristina Kirchner &laquo;que no es la que quiere el Gobierno&rdquo;. &ldquo;Estamos de acuerdo con la &laquo;Ficha Limpia&raquo; [&hellip;]<\/p>\n","protected":false},"author":2,"featured_media":9714,"comment_status":"open","ping_status":"open","sticky":false,"template":"","format":"standard","meta":{"footnotes":""},"categories":[5,176],"tags":[518,4432,329,232,1101],"class_list":["post-9713","post","type-post","status-publish","format-standard","has-post-thumbnail","hentry","category-nacionales","category-politica","tag-cristina-kirchner","tag-ficha-limpia","tag-guillermo-francos","tag-javier-milei","tag-mauricio-macri"],"_links":{"self":[{"href":"https:\/\/partediario.com.ar\/index.php?rest_route=\/wp\/v2\/posts\/9713","targetHints":{"allow":["GET"]}}],"collection":[{"href":"https:\/\/partediario.com.ar\/index.php?rest_route=\/wp\/v2\/posts"}],"about":[{"href":"https:\/\/partediario.com.ar\/index.php?rest_route=\/wp\/v2\/types\/post"}],"author":[{"embeddable":true,"href":"https:\/\/partediario.com.ar\/index.php?rest_route=\/wp\/v2\/users\/2"}],"replies":[{"embeddable":true,"href":"https:\/\/partediario.com.ar\/index.php?rest_route=%2Fwp%2Fv2%2Fcomments&post=9713"}],"version-history":[{"count":1,"href":"https:\/\/partediario.com.ar\/index.php?rest_route=\/wp\/v2\/posts\/9713\/revisions"}],"predecessor-version":[{"id":9715,"href":"https:\/\/partediario.com.ar\/index.php?rest_route=\/wp\/v2\/posts\/9713\/revisions\/9715"}],"wp:featuredmedia":[{"embeddable":true,"href":"https:\/\/partediario.com.ar\/index.php?rest_route=\/wp\/v2\/media\/9714"}],"wp:attachment":[{"href":"https:\/\/partediario.com.ar\/index.php?rest_route=%2Fwp%2Fv2%2Fmedia&parent=9713"}],"wp:term":[{"taxonomy":"category","embeddable":true,"href":"https:\/\/partediario.com.ar\/index.php?rest_route=%2Fwp%2Fv2%2Fcategories&post=9713"},{"taxonomy":"post_tag","embeddable":true,"href":"https:\/\/partediario.com.ar\/index.php?rest_route=%2Fwp%2Fv2%2Ftags&post=9713"}],"curies":[{"name":"wp","href":"https:\/\/api.w.org\/{rel}","templated":true}]}}