{"id":9720,"date":"2024-11-29T12:59:05","date_gmt":"2024-11-29T15:59:05","guid":{"rendered":"https:\/\/partediario.com.ar\/?p=9720"},"modified":"2024-11-30T12:54:45","modified_gmt":"2024-11-30T15:54:45","slug":"se-realizara-una-marcha-por-el-derrumbe-del-hotel-en-villa-gesell","status":"publish","type":"post","link":"https:\/\/partediario.com.ar\/?p=9720","title":{"rendered":"Se realizar\u00e1 una marcha por el derrumbe del hotel en Villa Gesell"},"content":{"rendered":"\n<h3 class=\"wp-block-heading\">La marcha se llevar\u00e1 adelante este viernes al cumplirse un mes del derrumbe fatal del Apart Hotel Dubrovnik en Villa Gesell. En medio de un escenario de profunda tristeza, en las \u00faltimas horas se confirm\u00f3 que la \u00fanica sobreviviente, Mar\u00eda Josefa Bonazza, falleci\u00f3 tras sufrir una reca\u00edda en su salud.<\/h3>\n\n\n\n<p>Este viernes 29 de noviembre se aguarda que familiares y vecinos de la ciudad balnearia lleven a cabo una marcha en la sede de la Fiscal\u00eda, para luego pasar por el Juzgado de Garant\u00edas, la Municipalidad y finalizar frente al Dubrovnik.<\/p>\n\n\n\n<p>Silvana, la madre de Nahuel Stefanic, una de las nueve v\u00edctimas del derrumbe, fue quien invit\u00f3 a participar del emotivo encuentro para recordar a los fallecidos y exigir que se condene a los responsables, seg\u00fan informaron medios locales.<\/p>\n\n\n\n<p>El jueves fuentes del caso le confirmaron que la \u00fanica sobreviviente que ten\u00eda el caso, conocida como \u00abPelusa\u00bb, falleci\u00f3 tras sufrir una descompensaci\u00f3n.<\/p>\n\n\n\n<p>D\u00edas atr\u00e1s Bonazza ya hab\u00eda estado internada en terapia y, aunque pudo recuperarse, en las \u00faltimas horas tuvo una reca\u00edda y lamentablemente no logr\u00f3 superarla.<\/p>\n\n\n\n<p>Bonazza era esposa de Federico C\u00e9sar Ciocchini, la primera v\u00edctima hallada sin vida entre los escombros. Allegados sostienen que, pese a que estaba feliz por haber sobrevivido, se encontraba triste por la muerte de su pareja.<\/p>\n","protected":false},"excerpt":{"rendered":"<p>La marcha se llevar&aacute; adelante este viernes al cumplirse un mes del derrumbe fatal del Apart Hotel Dubrovnik en Villa Gesell. En medio de un escenario de profunda tristeza, en las &uacute;ltimas horas se confirm&oacute; que la &uacute;nica sobreviviente, Mar&iacute;a Josefa Bonazza, falleci&oacute; tras sufrir una reca&iacute;da en su salud. Este viernes 29 de noviembre [&hellip;]<\/p>\n","protected":false},"author":2,"featured_media":9722,"comment_status":"open","ping_status":"open","sticky":false,"template":"","format":"standard","meta":{"footnotes":""},"categories":[5,726],"tags":[3256,971,4029],"class_list":["post-9720","post","type-post","status-publish","format-standard","has-post-thumbnail","hentry","category-nacionales","category-sociedad","tag-derrumbe","tag-marcha","tag-villa-gesell"],"_links":{"self":[{"href":"https:\/\/partediario.com.ar\/index.php?rest_route=\/wp\/v2\/posts\/9720","targetHints":{"allow":["GET"]}}],"collection":[{"href":"https:\/\/partediario.com.ar\/index.php?rest_route=\/wp\/v2\/posts"}],"about":[{"href":"https:\/\/partediario.com.ar\/index.php?rest_route=\/wp\/v2\/types\/post"}],"author":[{"embeddable":true,"href":"https:\/\/partediario.com.ar\/index.php?rest_route=\/wp\/v2\/users\/2"}],"replies":[{"embeddable":true,"href":"https:\/\/partediario.com.ar\/index.php?rest_route=%2Fwp%2Fv2%2Fcomments&post=9720"}],"version-history":[{"count":1,"href":"https:\/\/partediario.com.ar\/index.php?rest_route=\/wp\/v2\/posts\/9720\/revisions"}],"predecessor-version":[{"id":9723,"href":"https:\/\/partediario.com.ar\/index.php?rest_route=\/wp\/v2\/posts\/9720\/revisions\/9723"}],"wp:featuredmedia":[{"embeddable":true,"href":"https:\/\/partediario.com.ar\/index.php?rest_route=\/wp\/v2\/media\/9722"}],"wp:attachment":[{"href":"https:\/\/partediario.com.ar\/index.php?rest_route=%2Fwp%2Fv2%2Fmedia&parent=9720"}],"wp:term":[{"taxonomy":"category","embeddable":true,"href":"https:\/\/partediario.com.ar\/index.php?rest_route=%2Fwp%2Fv2%2Fcategories&post=9720"},{"taxonomy":"post_tag","embeddable":true,"href":"https:\/\/partediario.com.ar\/index.php?rest_route=%2Fwp%2Fv2%2Ftags&post=9720"}],"curies":[{"name":"wp","href":"https:\/\/api.w.org\/{rel}","templated":true}]}}