{"id":9731,"date":"2024-11-30T11:31:50","date_gmt":"2024-11-30T14:31:50","guid":{"rendered":"https:\/\/partediario.com.ar\/?p=9731"},"modified":"2024-12-01T10:28:50","modified_gmt":"2024-12-01T13:28:50","slug":"peritaron-el-telefono-del-camionero-detenido-por-el-caso-maria-cash-y-se-filtraron-las-conversaciones","status":"publish","type":"post","link":"https:\/\/partediario.com.ar\/?p=9731","title":{"rendered":"Peritaron el tel\u00e9fono del camionero detenido por el caso Mar\u00eda Cash y se filtraron las conversaciones"},"content":{"rendered":"\n<h3 class=\"wp-block-heading\">La Justicia intervino los tel\u00e9fonos del camionero H\u00e9ctor Romero de 71 a\u00f1os, el cual fue acusado y arrestado este martes por el homicidio de Mar\u00eda Cash, la joven desaparecida el 8 de julio de 2011.<\/h3>\n\n\n\n<p>Este viernes se perit\u00f3 su tel\u00e9fono celular tras haberse filtrado las conversaciones, la defensa solicit\u00f3 la prisi\u00f3n domiciliaria por su edad y por su estado de salud.<\/p>\n\n\n\n<p>La apertura del tel\u00e9fono de Romero est\u00e1 en manos de la Gendarmer\u00eda Nacional, que este viernes a las 11.30 accedi\u00f3 al celular y ahora deber\u00e1 analizarlo.<\/p>\n\n\n\n<p>Las ubicaciones de las antenas el d\u00eda de la desaparici\u00f3n de Mar\u00eda Cash y los horarios incongruentes con las declaraciones del camionero son algunos de los puntos que cuestion\u00f3 el fiscal Villalba para mantener la acusaci\u00f3n.<\/p>\n\n\n\n<p>Las declaraciones del entorno de Romero que se contradicen con la ubicaci\u00f3n de las antenas y el testimonio del camionero fueron fundamentales en esta etapa de la investigaci\u00f3n.<\/p>\n\n\n\n<p>Adem\u00e1s, Romero trabajaba manejando un cami\u00f3n de la empresa Miguelito y su tarea era trasladar mercader\u00eda entre las sucursales de G\u00fcemes y Joaqu\u00edn V. Gonz\u00e1lez.<\/p>\n\n\n\n<p>De acuerdo a fuentes locales, el fiscal Villalba en las pruebas que le exhibi\u00f3 a Romero en la indagatoria mencion\u00f3: \u201cSe determina con el an\u00e1lisis telef\u00f3nico que Romero se contradice en relaci\u00f3n a la hora de llegada y retorno de J. V. Gonz\u00e1lez el 8 de julio de 2011, ya que como se observa en an\u00e1lisis \u00e9l arrib\u00f3 a esa localidad a 18.42 y emprendi\u00f3 regreso a las 21.07, demorando 02.47 horas de viaje desde G\u00fcemes a Gonz\u00e1lez y un tiempo de demora de regreso de 03.23 desde Gonz\u00e1lez a G\u00fcemes, abri\u00e9ndose dos ventanas de tiempo que rompe su patr\u00f3n de conducta\u201d<\/p>\n\n\n\n<p><strong>En las conversaciones se visualizaba lo siguiente:<\/strong><\/p>\n\n\n\n<p>Gustavo Lemos: Pero que raro que salte lo m\u00edo ah\u00ed.<br>H\u00e9ctor Romero: Porque vos me dec\u00eds que te hab\u00edan preguntado a vos de qu\u00e9 hab\u00eda ido el cami\u00f3n, c\u00f3mo era ese d\u00eda, algo as\u00ed creo que me has dicho, no me acuerdo yo tampoco de eso.<br>GL: Y si, el cami\u00f3n ha llegado, \u00bfQu\u00e9 no?<br>HR: Claro. Y si ha llegado m\u00e1s o menos en el horario, en el horario normal que siempre llego.<br>HR: Y nada m\u00e1s, por eso vos acordarte m\u00e1s o menos qu\u00e9 ha dicho, qu\u00e9 le ha dicho al polic\u00eda y eso, no ten\u00e9s que inventar nada.<br>GL: No, no, no.<br>HR: Responder lo que ellos te pregunten. No, no inventes nada, vos, porque te vas a perjudicar despu\u00e9s solo.<br>GL: Claro, no, m\u00e1s vale. As\u00ed que bueno, voy a tener que ir che.<br>HR: Pero por eso te digo, seguro que te lo preguntas a m\u00ed si yo te he dicho algo\u2026 y eso, pero no\u2026 yo no me acuerdo que te haya dicho nada raro, \u00bfha visto?<\/p>\n\n\n\n<p>Finalizando, esa indicaci\u00f3n sobre lo que debe declarar ante la Justicia para no complicarlo, que brind\u00f3 Clar\u00edn, despert\u00f3 m\u00e1s sospechas por parte de los investigadores.<\/p>\n","protected":false},"excerpt":{"rendered":"<p>La Justicia intervino los tel&eacute;fonos del camionero H&eacute;ctor Romero de 71 a&ntilde;os, el cual fue acusado y arrestado este martes por el homicidio de Mar&iacute;a Cash, la joven desaparecida el 8 de julio de 2011. Este viernes se perit&oacute; su tel&eacute;fono celular tras haberse filtrado las conversaciones, la defensa solicit&oacute; la prisi&oacute;n domiciliaria por su [&hellip;]<\/p>\n","protected":false},"author":2,"featured_media":9652,"comment_status":"open","ping_status":"open","sticky":false,"template":"","format":"standard","meta":{"footnotes":""},"categories":[979,5,7],"tags":[4395,4396,769,4438],"class_list":["post-9731","post","type-post","status-publish","format-standard","has-post-thumbnail","hentry","category-judiciales","category-nacionales","category-policiales","tag-hector-romero","tag-maria-cash","tag-peritaje","tag-telefono"],"_links":{"self":[{"href":"https:\/\/partediario.com.ar\/index.php?rest_route=\/wp\/v2\/posts\/9731","targetHints":{"allow":["GET"]}}],"collection":[{"href":"https:\/\/partediario.com.ar\/index.php?rest_route=\/wp\/v2\/posts"}],"about":[{"href":"https:\/\/partediario.com.ar\/index.php?rest_route=\/wp\/v2\/types\/post"}],"author":[{"embeddable":true,"href":"https:\/\/partediario.com.ar\/index.php?rest_route=\/wp\/v2\/users\/2"}],"replies":[{"embeddable":true,"href":"https:\/\/partediario.com.ar\/index.php?rest_route=%2Fwp%2Fv2%2Fcomments&post=9731"}],"version-history":[{"count":1,"href":"https:\/\/partediario.com.ar\/index.php?rest_route=\/wp\/v2\/posts\/9731\/revisions"}],"predecessor-version":[{"id":9732,"href":"https:\/\/partediario.com.ar\/index.php?rest_route=\/wp\/v2\/posts\/9731\/revisions\/9732"}],"wp:featuredmedia":[{"embeddable":true,"href":"https:\/\/partediario.com.ar\/index.php?rest_route=\/wp\/v2\/media\/9652"}],"wp:attachment":[{"href":"https:\/\/partediario.com.ar\/index.php?rest_route=%2Fwp%2Fv2%2Fmedia&parent=9731"}],"wp:term":[{"taxonomy":"category","embeddable":true,"href":"https:\/\/partediario.com.ar\/index.php?rest_route=%2Fwp%2Fv2%2Fcategories&post=9731"},{"taxonomy":"post_tag","embeddable":true,"href":"https:\/\/partediario.com.ar\/index.php?rest_route=%2Fwp%2Fv2%2Ftags&post=9731"}],"curies":[{"name":"wp","href":"https:\/\/api.w.org\/{rel}","templated":true}]}}