{"id":9736,"date":"2024-11-30T11:44:43","date_gmt":"2024-11-30T14:44:43","guid":{"rendered":"https:\/\/partediario.com.ar\/?p=9736"},"modified":"2024-12-01T10:28:42","modified_gmt":"2024-12-01T13:28:42","slug":"mujica-muy-critico-con-cfk-ahi-esta-la-vieja-disparo","status":"publish","type":"post","link":"https:\/\/partediario.com.ar\/?p=9736","title":{"rendered":"Mujica muy cr\u00edtico con CFK: \u00abAh\u00ed est\u00e1 la vieja\u00bb, dispar\u00f3"},"content":{"rendered":"\n<h3 class=\"wp-block-heading\">Jos\u00e9 \u201cPepe\u201d Mujica, el ex presidente del Uruguay sigue repartiendo cr\u00edticas. Y ahora fue el turno al ex mandatario boliviano Evo Morales y a la ex vicepresidente argentina, Cristina Fern\u00e1ndez de Kirchner.<\/h3>\n\n\n\n<p>D\u00edas atr\u00e1s el referente Tupamaro le hab\u00eda brindado dur\u00edsimas cr\u00edticas a Javier Milei y a Nicol\u00e1s Maduro, presidentes de Argentina y Venezuela respectivamente.<\/p>\n\n\n\n<p>Ah\u00ed est\u00e1 la vieja Kirchner en la Argentina al frente del peronismo. En lugar de ponerse de vieja consejera y dejar nuevas generaciones, no, est\u00e1 jodiendo ah\u00ed\u201d. Y agreg\u00f3 \u201c\u00a1C\u00f3mo les cuesta largar el pastel! \u00a1Qu\u00e9 lo pari\u00f3!\u201d.<\/p>\n\n\n\n<p>Lo dijo en plural ya que no solo hac\u00eda referencia a la ex mandataria argentina y su persistencia por mantenerse en el poder sino adem\u00e1s al ex presidente boliviano, Evo Morales. \u00abEn la vida hay un tiempo para llegar y otro tiempo para irse. Lo de Evo es inconcebible\u201d, expres\u00f3 sobre el dirigente cocalero, sin pelos en la lengua y fiel a su conocido estilo.<\/p>\n\n\n\n<p>No es la primera vez que Mujica trata de \u00abvieja\u00bb a CFK. En 2013 se lo escuch\u00f3 decir: \u201cEsta vieja es peor que el tuerto\u201d, haciendo un dos por uno, cuestionando a los dos integrantes del matrimonio presidencial en una sola frase.<\/p>\n","protected":false},"excerpt":{"rendered":"<p>Jos&eacute; &ldquo;Pepe&rdquo; Mujica, el ex presidente del Uruguay sigue repartiendo cr&iacute;ticas. Y ahora fue el turno al ex mandatario boliviano Evo Morales y a la ex vicepresidente argentina, Cristina Fern&aacute;ndez de Kirchner. D&iacute;as atr&aacute;s el referente Tupamaro le hab&iacute;a brindado dur&iacute;simas cr&iacute;ticas a Javier Milei y a Nicol&aacute;s Maduro, presidentes de Argentina y Venezuela respectivamente. [&hellip;]<\/p>\n","protected":false},"author":2,"featured_media":9737,"comment_status":"open","ping_status":"open","sticky":false,"template":"","format":"standard","meta":{"footnotes":""},"categories":[5,176],"tags":[518,1095,232,2856,1564],"class_list":["post-9736","post","type-post","status-publish","format-standard","has-post-thumbnail","hentry","category-nacionales","category-politica","tag-cristina-kirchner","tag-evo-morales","tag-javier-milei","tag-jose-mujica","tag-nicolas-maduro"],"_links":{"self":[{"href":"https:\/\/partediario.com.ar\/index.php?rest_route=\/wp\/v2\/posts\/9736","targetHints":{"allow":["GET"]}}],"collection":[{"href":"https:\/\/partediario.com.ar\/index.php?rest_route=\/wp\/v2\/posts"}],"about":[{"href":"https:\/\/partediario.com.ar\/index.php?rest_route=\/wp\/v2\/types\/post"}],"author":[{"embeddable":true,"href":"https:\/\/partediario.com.ar\/index.php?rest_route=\/wp\/v2\/users\/2"}],"replies":[{"embeddable":true,"href":"https:\/\/partediario.com.ar\/index.php?rest_route=%2Fwp%2Fv2%2Fcomments&post=9736"}],"version-history":[{"count":1,"href":"https:\/\/partediario.com.ar\/index.php?rest_route=\/wp\/v2\/posts\/9736\/revisions"}],"predecessor-version":[{"id":9738,"href":"https:\/\/partediario.com.ar\/index.php?rest_route=\/wp\/v2\/posts\/9736\/revisions\/9738"}],"wp:featuredmedia":[{"embeddable":true,"href":"https:\/\/partediario.com.ar\/index.php?rest_route=\/wp\/v2\/media\/9737"}],"wp:attachment":[{"href":"https:\/\/partediario.com.ar\/index.php?rest_route=%2Fwp%2Fv2%2Fmedia&parent=9736"}],"wp:term":[{"taxonomy":"category","embeddable":true,"href":"https:\/\/partediario.com.ar\/index.php?rest_route=%2Fwp%2Fv2%2Fcategories&post=9736"},{"taxonomy":"post_tag","embeddable":true,"href":"https:\/\/partediario.com.ar\/index.php?rest_route=%2Fwp%2Fv2%2Ftags&post=9736"}],"curies":[{"name":"wp","href":"https:\/\/api.w.org\/{rel}","templated":true}]}}