{"id":9739,"date":"2024-11-30T12:51:04","date_gmt":"2024-11-30T15:51:04","guid":{"rendered":"https:\/\/partediario.com.ar\/?p=9739"},"modified":"2024-12-01T10:28:38","modified_gmt":"2024-12-01T13:28:38","slug":"implosion-en-las-fuerzas-oficialistas-las-fuerzas-del-cielo-desafian-a-karina-milei","status":"publish","type":"post","link":"https:\/\/partediario.com.ar\/?p=9739","title":{"rendered":"Implosi\u00f3n en las fuerzas oficialistas: las \u201cFuerzas del Cielo\u201d desaf\u00edan a Karina Milei"},"content":{"rendered":"\n<h3 class=\"wp-block-heading\">En medio de la disputa entre la secretaria general de la Presidencia, Karina Milei, y Las Fuerzas del Cielo encabezadas por el asesor estrella Santiago Caputo, la facci\u00f3n que se defini\u00f3 como el \u00abbrazo armado\u00bb de La Libertad Avanza (LLA), se organizan para realizar un nuevo acto para mostrarse como lo m\u00e1s \u00abpuro del mileismo\u00bb.<\/h3>\n\n\n\n<p>\u00abLas Fuerzas del Cielo no son una agrupaci\u00f3n juvenil ni una l\u00ednea interna. Se trata de una organizaci\u00f3n que nuclea a dirigentes de La Libertad Avanza\u00bb, precis\u00f3 una alta fuente de la Casa Rosada.<\/p>\n\n\n\n<p>Esta respuesta se dio despu\u00e9s de que la hermana del presidente considerara que existe un \u00absobregiro\u00bb por parte de los j\u00f3venes que integran el sector partidario, seg\u00fan se\u00f1alaron fuentes de su entorno, quienes aseguraron que el grupo de \u00abadolescentes\u00bb liderado por Caputo se creen \u00abdue\u00f1os del discurso liberal\u00bb.<\/p>\n\n\n\n<p>Si bien el acto a\u00fan no tiene fecha ni lugar, desde el espacio integrado por los influencers libertarios ya anticiparon que en el pr\u00f3ximo c\u00f3nclave partidario van \u00abprofundizar la doctrina del mileismo\u00bb, desoyendo la advertencia de la actual presidenta de La Libertad Avanza.<\/p>\n\n\n\n<p>\u00abLas Fuerzas del Cielo expresan el mileismo puro. Son los pibes que militaban a Javier (Milei) hace 10 a\u00f1os. Saben lo que piensa antes de que lo diga\u00bb, indicaron desde la facci\u00f3n oficialista.<\/p>\n\n\n\n<p>La disputa entre las diferentes tribus libertarias se inici\u00f3 el pasado 16 de noviembre luego de que el tuitero liberal Daniel \u00abEl Gordo Dan\u00bb Parisini hiciera un llamado a convertirse en el \u00abbrazo armado\u00bb de La Libertad Avanza durante el lanzamiento de la agrupaci\u00f3n pol\u00edtica Las Fuerzas del Cielo, en la localidad bonaerense de San Miguel.<\/p>\n\n\n\n<p>En ese cuestionado encuentro partidario estuvieron presentes el diputado bonaerense Agust\u00edn Romo; el director nacional de Comunicaci\u00f3n Digital, Juan Pablo Carreira; el secretario de Culto y Civilizaci\u00f3n, Nahuel Sotelo; el legislador Santiago Santurio; y el subsecretario de Pol\u00edticas Universitarias, Alejandro \u00c1lvarez, entre otros.<\/p>\n\n\n\n<p>En aquel acto, los dirigentes que integran la facci\u00f3n manifestaron que la agenda del espacio es formar cuadros pol\u00edticos que salgan a \u00abdefender\u00bb p\u00fablicamente al Presidente y ganar la \u00abbatalla cultural\u00bb en Argentina.<\/p>\n\n\n\n<p>Asimismo cerca del sector partidario oficialista afirmaron que, para convertirse en la \u00abGuardia Pretoriana\u00bb del presidente, est\u00e1n dispuestos a \u00abchocar\u00bb con quienes pretendan \u00abatacar\u00bb al presidente libertario Javier Milei.<\/p>\n\n\n\n<p>Ante este ins\u00f3lito escenario, la hermana del Presidente hab\u00eda decidido ungir a Sharif Menem, sobrino del presidente de la C\u00e1mara de Diputados, como referente de la juventud libertaria durante un acto en C\u00f3rdoba y de esta manera contrarrestar la avanzada de los militantes digitales de Milei.<\/p>\n\n\n\n<p>En el mapa pol\u00edtico del Gobierno los Menem ocupan un lugar central. No s\u00f3lo por la admiraci\u00f3n del actual jefe de Estado por la figura del ex presidente de la Naci\u00f3n, sino adem\u00e1s porque dos integrantes de la familia ocupan puestos importantes de la gesti\u00f3n: Mart\u00edn Menem (presidente de la C\u00e1mara de Diputados) y Eduardo \u00abLule\u00bb Menem (subsecretario de Gesti\u00f3n Institucional de la Secretar\u00eda General de la Presidencia).<\/p>\n\n\n\n<p>Como contrapartida a la estrategia de \u00abel Jefe\u00bb, de promocionar al sobrino del titular de la C\u00e1mara Baja, Las Fuerzas del Cielo no parecen haber escuchado las advertencias y tienen pensado redoblar la apuesta. Sin embargo, matizaron la confrontaci\u00f3n al aclarar que el armado de los influencers oficialistas no interfiere \u00abpara nada\u00bb con el que lidera la hermana del mandatario nacional.<\/p>\n","protected":false},"excerpt":{"rendered":"<p>En medio de la disputa entre la secretaria general de la Presidencia, Karina Milei, y Las Fuerzas del Cielo encabezadas por el asesor estrella Santiago Caputo, la facci&oacute;n que se defini&oacute; como el &laquo;brazo armado&raquo; de La Libertad Avanza (LLA), se organizan para realizar un nuevo acto para mostrarse como lo m&aacute;s &laquo;puro del mileismo&raquo;. [&hellip;]<\/p>\n","protected":false},"author":2,"featured_media":9740,"comment_status":"open","ping_status":"open","sticky":false,"template":"","format":"standard","meta":{"footnotes":""},"categories":[5,176],"tags":[4345,4442,232,263,393,1929],"class_list":["post-9739","post","type-post","status-publish","format-standard","has-post-thumbnail","hentry","category-nacionales","category-politica","tag-daniel-parisini","tag-fuerzas-del-cielo","tag-javier-milei","tag-karina-milei","tag-lla","tag-santiago-caputo"],"_links":{"self":[{"href":"https:\/\/partediario.com.ar\/index.php?rest_route=\/wp\/v2\/posts\/9739","targetHints":{"allow":["GET"]}}],"collection":[{"href":"https:\/\/partediario.com.ar\/index.php?rest_route=\/wp\/v2\/posts"}],"about":[{"href":"https:\/\/partediario.com.ar\/index.php?rest_route=\/wp\/v2\/types\/post"}],"author":[{"embeddable":true,"href":"https:\/\/partediario.com.ar\/index.php?rest_route=\/wp\/v2\/users\/2"}],"replies":[{"embeddable":true,"href":"https:\/\/partediario.com.ar\/index.php?rest_route=%2Fwp%2Fv2%2Fcomments&post=9739"}],"version-history":[{"count":1,"href":"https:\/\/partediario.com.ar\/index.php?rest_route=\/wp\/v2\/posts\/9739\/revisions"}],"predecessor-version":[{"id":9741,"href":"https:\/\/partediario.com.ar\/index.php?rest_route=\/wp\/v2\/posts\/9739\/revisions\/9741"}],"wp:featuredmedia":[{"embeddable":true,"href":"https:\/\/partediario.com.ar\/index.php?rest_route=\/wp\/v2\/media\/9740"}],"wp:attachment":[{"href":"https:\/\/partediario.com.ar\/index.php?rest_route=%2Fwp%2Fv2%2Fmedia&parent=9739"}],"wp:term":[{"taxonomy":"category","embeddable":true,"href":"https:\/\/partediario.com.ar\/index.php?rest_route=%2Fwp%2Fv2%2Fcategories&post=9739"},{"taxonomy":"post_tag","embeddable":true,"href":"https:\/\/partediario.com.ar\/index.php?rest_route=%2Fwp%2Fv2%2Ftags&post=9739"}],"curies":[{"name":"wp","href":"https:\/\/api.w.org\/{rel}","templated":true}]}}