{"id":9780,"date":"2024-12-02T11:13:04","date_gmt":"2024-12-02T14:13:04","guid":{"rendered":"https:\/\/partediario.com.ar\/?p=9780"},"modified":"2024-12-03T11:01:16","modified_gmt":"2024-12-03T14:01:16","slug":"amenaza-de-muerte-manejamos-la-hipotesis-de-que-podria-ser-una-banda-de-buenos-aires-senalo-bullrich","status":"publish","type":"post","link":"https:\/\/partediario.com.ar\/?p=9780","title":{"rendered":"Amenaza de muerte: \u00abManejamos la hip\u00f3tesis de que podr\u00eda ser una banda de Buenos Aires\u00bb, se\u00f1al\u00f3 Bullrich"},"content":{"rendered":"\n<h3 class=\"wp-block-heading\">La ministra de Seguridad, Patricia Bullrich prcis\u00f3 este lunes que los especialistas en ciberseguridad bajaran la hip\u00f3tesis de que la organizaci\u00f3n narco terrorista que aparece en el video en el que amenazan de muerte al gobernador Maximiliano Pullaro, a ella y al pueblo argentino \u201cpuede ser de Buenos Aires\u201d y destac\u00f3 que se van a \u201cocupar de endurecer las condiciones en las c\u00e1rceles\u00bb.<\/h3>\n\n\n\n<p>\u00abManejamos la hip\u00f3tesis de que podr\u00eda ser una banda de Buenos Aires\u00bb, detall\u00f3 Bullrich en declaraciones radiales, y se agreg\u00f3: \u201cMantener y profundizar el r\u00e9gimen de alto riesgo que es del que hablan ellos en el video sobre las c\u00e1rceles, sin celulares y pr\u00e1cticamente sin visitas\u00bb.<\/p>\n\n\n\n<p>Tambi\u00e9n se\u00f1al\u00f3: \u201cVamos a lanzar un plan para reforzar las zonas de Buenos Aires, Rosario, C\u00f3rdoba, Mendoza y Tucum\u00e1n. Nosotros vamos a estar donde haya bandas y violencia. Queremos redoblar los esfuerzos contra la narcocriminalidad\u00bb, apunt\u00f3.<\/p>\n\n\n\n<p>Reclam\u00f3 adem\u00e1s al Congreso la sanci\u00f3n de la Ley Antimafias, que apuesta a penar a los que delinquen de manera organizada, en el per\u00edodo de sesiones extraordinarias al sostener que se trata de \u00abun instrumento fundamental para lograr el \u00e9xito\u201d.<\/p>\n\n\n\n<p>Asimismo destac\u00f3 el trabajo conjunto con el ministerio de Seguridad de la provincia de Buenos Aires, a cargo de Javier Alonso, y revel\u00f3 que hay acuerdos para \u201cendurecer las condiciones en las c\u00e1rceles\u201d. \u201cTodo est\u00e1 en investigaci\u00f3n. Con el Ministerio de Seguridad de la Provincia trabajamos codo a codo contra las bandas sin ning\u00fan tipo de problema\u201d, puntualiz\u00f3.<\/p>\n\n\n\n<p>\u00abColaboramos con ellos para que el pa\u00eds y los ciudadanos de Buenos Aires vivan mejor y vivan m\u00e1s tranquilos, as\u00ed que es nuestra obligaci\u00f3n no mirar de d\u00f3nde vienen y de qu\u00e9 partido son en el \u00e1mbito de la seguridad. Es una instrucci\u00f3n muy precisa del Presidente\u00bb, mencion\u00f3, y agreg\u00f3: \u201cDonde haya violencia, donde haya bandas, donde nosotros podamos con las Fuerzas Federales apoyar y colaborar, ah\u00ed estamos\u201d.<\/p>\n\n\n\n<p>Luego de la viralizaci\u00f3n del video, Bullrich remarc\u00f3: \u201cLa reacci\u00f3n es redoblar los esfuerzos. Generar, mantener y profundizar este r\u00e9gimen de alto riesgo que los tiene en las c\u00e1rceles, sin los privilegios que ten\u00edan antes en las c\u00e1rceles. Sin celulares, y casi pr\u00e1cticamente sin visitas\u201d.<\/p>\n\n\n\n<p>Para la ministra, las restricciones han generado un cambio, por lo que la cartera que lidera tiene el objetivo de reforzar las garant\u00edas para que \u201cestos delincuentes no tengan ninguna capacidad en las c\u00e1rceles de acci\u00f3n\u201d.<\/p>\n\n\n\n<p>Finalizndo adelant\u00f3, que su ministerio activar\u00e1 el protocolo de seguridad en la pr\u00f3xima manifestaci\u00f3n fechada el jueves de esta semana, que convoca parte activa del sindicalismo, y anticip\u00f3 \u201cun fin de a\u00f1o tranquilo\u201d.<\/p>\n","protected":false},"excerpt":{"rendered":"<p>La ministra de Seguridad, Patricia Bullrich prcis&oacute; este lunes que los especialistas en ciberseguridad bajaran la hip&oacute;tesis de que la organizaci&oacute;n narco terrorista que aparece en el video en el que amenazan de muerte al gobernador Maximiliano Pullaro, a ella y al pueblo argentino &ldquo;puede ser de Buenos Aires&rdquo; y destac&oacute; que se van a [&hellip;]<\/p>\n","protected":false},"author":2,"featured_media":9781,"comment_status":"open","ping_status":"open","sticky":false,"template":"","format":"standard","meta":{"footnotes":""},"categories":[5,7],"tags":[3750,721,1107,4456,510],"class_list":["post-9780","post","type-post","status-publish","format-standard","has-post-thumbnail","hentry","category-nacionales","category-policiales","tag-amenaza","tag-buenos-aires","tag-maximiliano-pullaro","tag-narcoterrorista","tag-patricia-bullrich"],"_links":{"self":[{"href":"https:\/\/partediario.com.ar\/index.php?rest_route=\/wp\/v2\/posts\/9780","targetHints":{"allow":["GET"]}}],"collection":[{"href":"https:\/\/partediario.com.ar\/index.php?rest_route=\/wp\/v2\/posts"}],"about":[{"href":"https:\/\/partediario.com.ar\/index.php?rest_route=\/wp\/v2\/types\/post"}],"author":[{"embeddable":true,"href":"https:\/\/partediario.com.ar\/index.php?rest_route=\/wp\/v2\/users\/2"}],"replies":[{"embeddable":true,"href":"https:\/\/partediario.com.ar\/index.php?rest_route=%2Fwp%2Fv2%2Fcomments&post=9780"}],"version-history":[{"count":1,"href":"https:\/\/partediario.com.ar\/index.php?rest_route=\/wp\/v2\/posts\/9780\/revisions"}],"predecessor-version":[{"id":9782,"href":"https:\/\/partediario.com.ar\/index.php?rest_route=\/wp\/v2\/posts\/9780\/revisions\/9782"}],"wp:featuredmedia":[{"embeddable":true,"href":"https:\/\/partediario.com.ar\/index.php?rest_route=\/wp\/v2\/media\/9781"}],"wp:attachment":[{"href":"https:\/\/partediario.com.ar\/index.php?rest_route=%2Fwp%2Fv2%2Fmedia&parent=9780"}],"wp:term":[{"taxonomy":"category","embeddable":true,"href":"https:\/\/partediario.com.ar\/index.php?rest_route=%2Fwp%2Fv2%2Fcategories&post=9780"},{"taxonomy":"post_tag","embeddable":true,"href":"https:\/\/partediario.com.ar\/index.php?rest_route=%2Fwp%2Fv2%2Ftags&post=9780"}],"curies":[{"name":"wp","href":"https:\/\/api.w.org\/{rel}","templated":true}]}}