{"id":9803,"date":"2024-12-03T14:52:17","date_gmt":"2024-12-03T17:52:17","guid":{"rendered":"https:\/\/partediario.com.ar\/?p=9803"},"modified":"2024-12-03T14:52:17","modified_gmt":"2024-12-03T17:52:17","slug":"santa-elena-se-llevo-a-cabo-una-capacitacion-en-tecnicas-de-carnaval","status":"publish","type":"post","link":"https:\/\/partediario.com.ar\/?p=9803","title":{"rendered":"Santa Elena: se llev\u00f3 a cabo una Capacitaci\u00f3n en T\u00e9cnicas de Carnaval"},"content":{"rendered":"\n<h3 class=\"wp-block-heading\">En un trabajo articulado con la Secretar\u00eda de Cultura de la Provincia, se realiz\u00f3 una jornada intensiva y gratuita de capacitaci\u00f3n destinada a gestores del carnaval en la ciudad.<\/h3>\n\n\n\n<p>La misma cont\u00f3 con la presencia de comisiones, integrantes y colaboradores de comparsas locales.<\/p>\n\n\n\n<p><\/p>\n\n\n\n<figure class=\"wp-block-image size-full\"><img loading=\"lazy\" decoding=\"async\" width=\"1024\" height=\"577\" src=\"https:\/\/partediario.com.ar\/wp-content\/uploads\/468974296_990247853146970_2898799822634567576_n.jpg\" alt=\"\" class=\"wp-image-9804\" srcset=\"https:\/\/partediario.com.ar\/wp-content\/uploads\/468974296_990247853146970_2898799822634567576_n.jpg 1024w, https:\/\/partediario.com.ar\/wp-content\/uploads\/468974296_990247853146970_2898799822634567576_n-300x169.jpg 300w, https:\/\/partediario.com.ar\/wp-content\/uploads\/468974296_990247853146970_2898799822634567576_n-768x433.jpg 768w\" sizes=\"auto, (max-width: 1024px) 100vw, 1024px\" \/><\/figure>\n\n\n\n<p><\/p>\n\n\n\n<p>La capacitaci\u00f3n se llev\u00f3 a cabo en el Sal\u00f3n de Usos M\u00faltiples de la Escuela Secundaria n\u00b0 14 \u00abMaip\u00fa\u00bb.<\/p>\n\n\n\n<p>Los ejes tem\u00e1ticos fueron: elaboraci\u00f3n de ideas, organizaci\u00f3n y puesta en escena, est\u00e9tica y materiales innovadores, coordinador por Oscar Ardaiz, Baltazar Hartman y Daniela Molina.<\/p>\n","protected":false},"excerpt":{"rendered":"<p>En un trabajo articulado con la Secretar&iacute;a de Cultura de la Provincia, se realiz&oacute; una jornada intensiva y gratuita de capacitaci&oacute;n destinada a gestores del carnaval en la ciudad. La misma cont&oacute; con la presencia de comisiones, integrantes y colaboradores de comparsas locales. La capacitaci&oacute;n se llev&oacute; a cabo en el Sal&oacute;n de Usos M&uacute;ltiples [&hellip;]<\/p>\n","protected":false},"author":2,"featured_media":9805,"comment_status":"open","ping_status":"open","sticky":false,"template":"","format":"standard","meta":{"footnotes":""},"categories":[3272],"tags":[1241,4475,207,4474],"class_list":["post-9803","post","type-post","status-publish","format-standard","has-post-thumbnail","hentry","category-municipales","tag-capacitacion","tag-carnavales","tag-santa-elena","tag-tecnica"],"_links":{"self":[{"href":"https:\/\/partediario.com.ar\/index.php?rest_route=\/wp\/v2\/posts\/9803","targetHints":{"allow":["GET"]}}],"collection":[{"href":"https:\/\/partediario.com.ar\/index.php?rest_route=\/wp\/v2\/posts"}],"about":[{"href":"https:\/\/partediario.com.ar\/index.php?rest_route=\/wp\/v2\/types\/post"}],"author":[{"embeddable":true,"href":"https:\/\/partediario.com.ar\/index.php?rest_route=\/wp\/v2\/users\/2"}],"replies":[{"embeddable":true,"href":"https:\/\/partediario.com.ar\/index.php?rest_route=%2Fwp%2Fv2%2Fcomments&post=9803"}],"version-history":[{"count":1,"href":"https:\/\/partediario.com.ar\/index.php?rest_route=\/wp\/v2\/posts\/9803\/revisions"}],"predecessor-version":[{"id":9806,"href":"https:\/\/partediario.com.ar\/index.php?rest_route=\/wp\/v2\/posts\/9803\/revisions\/9806"}],"wp:featuredmedia":[{"embeddable":true,"href":"https:\/\/partediario.com.ar\/index.php?rest_route=\/wp\/v2\/media\/9805"}],"wp:attachment":[{"href":"https:\/\/partediario.com.ar\/index.php?rest_route=%2Fwp%2Fv2%2Fmedia&parent=9803"}],"wp:term":[{"taxonomy":"category","embeddable":true,"href":"https:\/\/partediario.com.ar\/index.php?rest_route=%2Fwp%2Fv2%2Fcategories&post=9803"},{"taxonomy":"post_tag","embeddable":true,"href":"https:\/\/partediario.com.ar\/index.php?rest_route=%2Fwp%2Fv2%2Ftags&post=9803"}],"curies":[{"name":"wp","href":"https:\/\/api.w.org\/{rel}","templated":true}]}}