{"id":9810,"date":"2024-12-04T19:22:41","date_gmt":"2024-12-04T22:22:41","guid":{"rendered":"https:\/\/partediario.com.ar\/?p=9810"},"modified":"2024-12-04T19:22:42","modified_gmt":"2024-12-04T22:22:42","slug":"santa-elena-se-realizara-el-lanzamiento-carnavales-2025","status":"publish","type":"post","link":"https:\/\/partediario.com.ar\/?p=9810","title":{"rendered":"Santa Elena: se realizar\u00e1 el lanzamiento Carnavales 2025"},"content":{"rendered":"\n<h3 class=\"wp-block-heading\">Este domingo, 8 de diciembre, te esperamos para compartir junto a nuestras comparsas locales el lanzamiento de los Carnavales 2025.<\/h3>\n\n\n\n<p>Semiperatonal \u00abSupremo Entrerriano\u00bb se viste de fiesta, ritmo y color para recibir una nueva temporada carnestolenda, donde adem\u00e1s, ser\u00e1n coronadas las figuras de Comparsas Babiy\u00fa e It\u00e1 Por\u00e1.<\/p>\n\n\n\n<p>Desfilar\u00e1n tambi\u00e9n pasistas de Comparsas Por\u00e4s\u00ec y Emperatriz, se\u00f1alaron desde la Municipalidad.<\/p>\n\n\n\n<p>Adem\u00e1s cerrar\u00e1n la noche con la actuaci\u00f3n en vivo de Grupo La Contra.<\/p>\n\n\n\n<p><\/p>\n\n\n\n<figure class=\"wp-block-image size-full\"><img loading=\"lazy\" decoding=\"async\" width=\"526\" height=\"526\" src=\"https:\/\/partediario.com.ar\/wp-content\/uploads\/469390353_993298242841931_2568414300447156895_n.jpg\" alt=\"\" class=\"wp-image-9811\" srcset=\"https:\/\/partediario.com.ar\/wp-content\/uploads\/469390353_993298242841931_2568414300447156895_n.jpg 526w, https:\/\/partediario.com.ar\/wp-content\/uploads\/469390353_993298242841931_2568414300447156895_n-300x300.jpg 300w, https:\/\/partediario.com.ar\/wp-content\/uploads\/469390353_993298242841931_2568414300447156895_n-150x150.jpg 150w\" sizes=\"auto, (max-width: 526px) 100vw, 526px\" \/><\/figure>\n","protected":false},"excerpt":{"rendered":"<p>Este domingo, 8 de diciembre, te esperamos para compartir junto a nuestras comparsas locales el lanzamiento de los Carnavales 2025. Semiperatonal &laquo;Supremo Entrerriano&raquo; se viste de fiesta, ritmo y color para recibir una nueva temporada carnestolenda, donde adem&aacute;s, ser&aacute;n coronadas las figuras de Comparsas Babiy&uacute; e It&aacute; Por&aacute;. Desfilar&aacute;n tambi&eacute;n pasistas de Comparsas Por&auml;s&igrave; y [&hellip;]<\/p>\n","protected":false},"author":2,"featured_media":9812,"comment_status":"open","ping_status":"open","sticky":false,"template":"","format":"standard","meta":{"footnotes":""},"categories":[3272],"tags":[4349,4090,207],"class_list":["post-9810","post","type-post","status-publish","format-standard","has-post-thumbnail","hentry","category-municipales","tag-carnaval-2025","tag-lanzamiento","tag-santa-elena"],"_links":{"self":[{"href":"https:\/\/partediario.com.ar\/index.php?rest_route=\/wp\/v2\/posts\/9810","targetHints":{"allow":["GET"]}}],"collection":[{"href":"https:\/\/partediario.com.ar\/index.php?rest_route=\/wp\/v2\/posts"}],"about":[{"href":"https:\/\/partediario.com.ar\/index.php?rest_route=\/wp\/v2\/types\/post"}],"author":[{"embeddable":true,"href":"https:\/\/partediario.com.ar\/index.php?rest_route=\/wp\/v2\/users\/2"}],"replies":[{"embeddable":true,"href":"https:\/\/partediario.com.ar\/index.php?rest_route=%2Fwp%2Fv2%2Fcomments&post=9810"}],"version-history":[{"count":1,"href":"https:\/\/partediario.com.ar\/index.php?rest_route=\/wp\/v2\/posts\/9810\/revisions"}],"predecessor-version":[{"id":9813,"href":"https:\/\/partediario.com.ar\/index.php?rest_route=\/wp\/v2\/posts\/9810\/revisions\/9813"}],"wp:featuredmedia":[{"embeddable":true,"href":"https:\/\/partediario.com.ar\/index.php?rest_route=\/wp\/v2\/media\/9812"}],"wp:attachment":[{"href":"https:\/\/partediario.com.ar\/index.php?rest_route=%2Fwp%2Fv2%2Fmedia&parent=9810"}],"wp:term":[{"taxonomy":"category","embeddable":true,"href":"https:\/\/partediario.com.ar\/index.php?rest_route=%2Fwp%2Fv2%2Fcategories&post=9810"},{"taxonomy":"post_tag","embeddable":true,"href":"https:\/\/partediario.com.ar\/index.php?rest_route=%2Fwp%2Fv2%2Ftags&post=9810"}],"curies":[{"name":"wp","href":"https:\/\/api.w.org\/{rel}","templated":true}]}}