{"id":9814,"date":"2024-12-04T19:28:58","date_gmt":"2024-12-04T22:28:58","guid":{"rendered":"https:\/\/partediario.com.ar\/?p=9814"},"modified":"2024-12-05T12:23:37","modified_gmt":"2024-12-05T15:23:37","slug":"empeora-el-estado-de-salud-de-jorge-lanata","status":"publish","type":"post","link":"https:\/\/partediario.com.ar\/?p=9814","title":{"rendered":"Empeora el estado de salud de Jorge Lanata"},"content":{"rendered":"\n<h3 class=\"wp-block-heading\">El periodista atravesar\u00eda una sepsis despu\u00e9s de la \u00faltima cirug\u00eda a pocos d\u00edas de cumplir seis meses de internaci\u00f3n.<\/h3>\n\n\n\n<p>El periodista Jorge Lanata lleva m\u00e1s de cinco meses internado en el Hospital Italiano y, seg\u00fan se supo, su estado de salud habr\u00eda empeorado gravemente en las \u00faltimas horas a causa de una sepsis generalizada.<\/p>\n\n\n\n<p>Luego de varios intentos por trasladarlo nuevamente a un centro de neurorehabilitaci\u00f3n, el periodista empeor\u00f3 nuevamente su estado de salud y se encontrar\u00eda con asistencia ventilatoria durante todo el d\u00eda.<\/p>\n\n\n\n<p>Adem\u00e1s, tras atravesar una gastrostom\u00eda hace dos semanas, con el fin de alimentarse por s\u00ed mismo, actualmente presentar\u00eda un cuadro de infecci\u00f3n generalizada como reacci\u00f3n a una filtraci\u00f3n de l\u00edquido abdominal.<\/p>\n\n\n\n<p>En este sentido, se supo que el comunicador debi\u00f3 someterse a una punci\u00f3n abdominal. Los resultados fueron enviados a analizar, con el fin de realizar cultivos que permitan estudiar bacterias y entender qu\u00e9 tipo de c\u00e9lulas est\u00e1n presentes en el organismo.<\/p>\n\n\n\n<p>Lanata se encuentra con mal pron\u00f3stico, luego de casi seis meses de internaci\u00f3n en Unidad de Terapia Intensiva.<\/p>\n","protected":false},"excerpt":{"rendered":"<p>El periodista atravesar&iacute;a una sepsis despu&eacute;s de la &uacute;ltima cirug&iacute;a a pocos d&iacute;as de cumplir seis meses de internaci&oacute;n. El periodista Jorge Lanata lleva m&aacute;s de cinco meses internado en el Hospital Italiano y, seg&uacute;n se supo, su estado de salud habr&iacute;a empeorado gravemente en las &uacute;ltimas horas a causa de una sepsis generalizada. Luego [&hellip;]<\/p>\n","protected":false},"author":2,"featured_media":9815,"comment_status":"open","ping_status":"open","sticky":false,"template":"","format":"standard","meta":{"footnotes":""},"categories":[4329,5],"tags":[4476,541,306],"class_list":["post-9814","post","type-post","status-publish","format-standard","has-post-thumbnail","hentry","category-espectaculos","category-nacionales","tag-empeora","tag-jorge-lanata","tag-salud"],"_links":{"self":[{"href":"https:\/\/partediario.com.ar\/index.php?rest_route=\/wp\/v2\/posts\/9814","targetHints":{"allow":["GET"]}}],"collection":[{"href":"https:\/\/partediario.com.ar\/index.php?rest_route=\/wp\/v2\/posts"}],"about":[{"href":"https:\/\/partediario.com.ar\/index.php?rest_route=\/wp\/v2\/types\/post"}],"author":[{"embeddable":true,"href":"https:\/\/partediario.com.ar\/index.php?rest_route=\/wp\/v2\/users\/2"}],"replies":[{"embeddable":true,"href":"https:\/\/partediario.com.ar\/index.php?rest_route=%2Fwp%2Fv2%2Fcomments&post=9814"}],"version-history":[{"count":1,"href":"https:\/\/partediario.com.ar\/index.php?rest_route=\/wp\/v2\/posts\/9814\/revisions"}],"predecessor-version":[{"id":9816,"href":"https:\/\/partediario.com.ar\/index.php?rest_route=\/wp\/v2\/posts\/9814\/revisions\/9816"}],"wp:featuredmedia":[{"embeddable":true,"href":"https:\/\/partediario.com.ar\/index.php?rest_route=\/wp\/v2\/media\/9815"}],"wp:attachment":[{"href":"https:\/\/partediario.com.ar\/index.php?rest_route=%2Fwp%2Fv2%2Fmedia&parent=9814"}],"wp:term":[{"taxonomy":"category","embeddable":true,"href":"https:\/\/partediario.com.ar\/index.php?rest_route=%2Fwp%2Fv2%2Fcategories&post=9814"},{"taxonomy":"post_tag","embeddable":true,"href":"https:\/\/partediario.com.ar\/index.php?rest_route=%2Fwp%2Fv2%2Ftags&post=9814"}],"curies":[{"name":"wp","href":"https:\/\/api.w.org\/{rel}","templated":true}]}}