{"id":9825,"date":"2024-12-04T19:56:49","date_gmt":"2024-12-04T22:56:49","guid":{"rendered":"https:\/\/partediario.com.ar\/?p=9825"},"modified":"2024-12-05T12:23:23","modified_gmt":"2024-12-05T15:23:23","slug":"la-produccion-de-autos-descendio-51-interanual-en-noviembre","status":"publish","type":"post","link":"https:\/\/partediario.com.ar\/?p=9825","title":{"rendered":"La producci\u00f3n de autos descendi\u00f3 5,1% interanual en noviembre"},"content":{"rendered":"\n<h3 class=\"wp-block-heading\">La producci\u00f3n nacional de veh\u00edculos fue de 53.701 unidades, 2,4% m\u00e1s que el volumen de octubre anterior, y 5,1% por debajo de noviembre de 2023.<\/h3>\n\n\n\n<p>Seg\u00fan un informe de la Asociaci\u00f3n de F\u00e1bricas de Automotores (Adefa), las terminales automotrices exportaron 32.262 veh\u00edculos, un 10,3% menos respecto del mes pasado y 6,1% m\u00e1s que el registro de noviembre del a\u00f1o anterior.<\/p>\n\n\n\n<p>Entre enero y noviembre, las terminales exportaron 288.068 unidades, un 5,3% menos respecto de las 304.084 unidades que se enviaron a diversos mercados durante los primeros 11 meses del 2023.<\/p>\n\n\n\n<p>El sector comercializ\u00f3 a la red de concesionarios 40.118 unidades en noviembre, 8% menos que octubre y 35% superior en comparaci\u00f3n al mismo mes de 2023.<\/p>\n\n\n\n<p>Con 20 d\u00edas h\u00e1biles de actividad -uno menos que en su comparaci\u00f3n intermensual e interanual-, las terminales automotrices produjeron 53.701 unidades, un 2, % por sobre los registros de octubre anterior y un 5,1% menos respecto de noviembre del a\u00f1o pasado, cuando se fabricaron 56.569 unidades.<\/p>\n\n\n\n<p>En el acumulado de enero a noviembre, el sector produjo 468.553 veh\u00edculos de pasajeros y utilitarios, con una baja de 18,3% respecto del volumen que se fabric\u00f3 en el mismo per\u00edodo del 2023 (573.742 unidades).<\/p>\n\n\n\n<p>\u201cNoviembre se consolid\u00f3 como el mejor mes del a\u00f1o en t\u00e9rminos de producci\u00f3n, registrando un desempe\u00f1o positivo tambi\u00e9n en exportaciones y ventas mayoristas al compararlos con los resultados del mismo mes del a\u00f1o anterior, permiti\u00e9ndonos continuar recortando la ca\u00edda interanual y cerrar el a\u00f1o mejor respecto de las proyecciones realizadas al comienzo del 2024\u201d, subray\u00f3 Mart\u00edn Zuppi, presidente de ADEFA.<\/p>\n\n\n\n<p>Y a\u00f1adi\u00f3 que \u00abeste proceso de mejora es el resultado de un trabajo en conjunto con la cadena de valor y el Gobierno, resaltando la eliminaci\u00f3n del impuesto PAIS, entre otras medidas, que contribuyen a tener una industria de escala, competitiva, que contin\u00fae invirtiendo, exporte m\u00e1s y a nuevos mercados y potencie su ya destacado efecto multiplicador econ\u00f3mico\u00bb.<\/p>\n\n\n\n<p>Entre enero y noviembre, el sector comercializ\u00f3 a su red de consecionarios un total de 361.944 unidades, un 5,2% menos en su comparaci\u00f3n con las 381.868 unidades que se entregaron en el mismo per\u00edodo del 2023.<\/p>\n","protected":false},"excerpt":{"rendered":"<p>La producci&oacute;n nacional de veh&iacute;culos fue de 53.701 unidades, 2,4% m&aacute;s que el volumen de octubre anterior, y 5,1% por debajo de noviembre de 2023. Seg&uacute;n un informe de la Asociaci&oacute;n de F&aacute;bricas de Automotores (Adefa), las terminales automotrices exportaron 32.262 veh&iacute;culos, un 10,3% menos respecto del mes pasado y 6,1% m&aacute;s que el registro [&hellip;]<\/p>\n","protected":false},"author":2,"featured_media":9826,"comment_status":"open","ping_status":"open","sticky":false,"template":"","format":"standard","meta":{"footnotes":""},"categories":[5,176],"tags":[4485,767,4484,4483],"class_list":["post-9825","post","type-post","status-publish","format-standard","has-post-thumbnail","hentry","category-nacionales","category-politica","tag-adefa","tag-autos","tag-descendio","tag-produccion"],"_links":{"self":[{"href":"https:\/\/partediario.com.ar\/index.php?rest_route=\/wp\/v2\/posts\/9825","targetHints":{"allow":["GET"]}}],"collection":[{"href":"https:\/\/partediario.com.ar\/index.php?rest_route=\/wp\/v2\/posts"}],"about":[{"href":"https:\/\/partediario.com.ar\/index.php?rest_route=\/wp\/v2\/types\/post"}],"author":[{"embeddable":true,"href":"https:\/\/partediario.com.ar\/index.php?rest_route=\/wp\/v2\/users\/2"}],"replies":[{"embeddable":true,"href":"https:\/\/partediario.com.ar\/index.php?rest_route=%2Fwp%2Fv2%2Fcomments&post=9825"}],"version-history":[{"count":1,"href":"https:\/\/partediario.com.ar\/index.php?rest_route=\/wp\/v2\/posts\/9825\/revisions"}],"predecessor-version":[{"id":9827,"href":"https:\/\/partediario.com.ar\/index.php?rest_route=\/wp\/v2\/posts\/9825\/revisions\/9827"}],"wp:featuredmedia":[{"embeddable":true,"href":"https:\/\/partediario.com.ar\/index.php?rest_route=\/wp\/v2\/media\/9826"}],"wp:attachment":[{"href":"https:\/\/partediario.com.ar\/index.php?rest_route=%2Fwp%2Fv2%2Fmedia&parent=9825"}],"wp:term":[{"taxonomy":"category","embeddable":true,"href":"https:\/\/partediario.com.ar\/index.php?rest_route=%2Fwp%2Fv2%2Fcategories&post=9825"},{"taxonomy":"post_tag","embeddable":true,"href":"https:\/\/partediario.com.ar\/index.php?rest_route=%2Fwp%2Fv2%2Ftags&post=9825"}],"curies":[{"name":"wp","href":"https:\/\/api.w.org\/{rel}","templated":true}]}}