{"id":9840,"date":"2024-12-05T11:43:00","date_gmt":"2024-12-05T14:43:00","guid":{"rendered":"https:\/\/partediario.com.ar\/?p=9840"},"modified":"2024-12-06T14:06:25","modified_gmt":"2024-12-06T17:06:25","slug":"desmienten-la-realizacion-de-un-viaje-personal-del-jefe-de-la-policia-federal-con-un-avion-de-la-fuerza","status":"publish","type":"post","link":"https:\/\/partediario.com.ar\/?p=9840","title":{"rendered":"Desmienten la realizaci\u00f3n de un viaje personal del jefe de la Polic\u00eda Federal con un avi\u00f3n de la fuerza"},"content":{"rendered":"\n<h3 class=\"wp-block-heading\">El Ministerio de Seguridad neg\u00f3 el presunto uso del jefe de la Polic\u00eda Federal, comisario general Luis Rolle, de un avi\u00f3n de esa fuerza para trasladar familiares y allegados a la fiesta de su casamiento que se realiz\u00f3 en Corrientes.<\/h3>\n\n\n\n<p>Por medio de un informe de la Jefatura Federal de la Polic\u00eda, expusieron que el comisario general no viaj\u00f3 a la provincia del noreste en el per\u00edodo comprendido del 3 al 5 de octubre, y aseguraron que el avi\u00f3n Viking DHC-6-400 TWIN OTTER, Matr\u00edcula LQ-JKE, \u201cse encontraba fuera de servicio desde el 30 de septiembre hasta el 23 de octubre inclusive debido a hallarse sometida a una inspecci\u00f3n programada\u201d.<\/p>\n\n\n\n<p>Junto a la nota, adjuntaron el informe de vuelo desde el 4 de septiembre al 2 de diciembre, en el que no se registran viajes a la provincia mencionada, a excepci\u00f3n de Neuqu\u00e9n, Entre R\u00edos, y La Pampa.<\/p>\n\n\n\n<p>Seg\u00fan precisaron adem\u00e1s, a la ceremonia de casamiento, que se llev\u00f3 a cabo el 21 de septiembre en la Bas\u00edlica Nuestra Se\u00f1ora de Itat\u00ed, en la localidad hom\u00f3nima de la Provincia de Corrientes, asistieron los novios y los testigos, ya que se trat\u00f3 de una celebraci\u00f3n que calificaron de \u201cprivada y reservada\u201d.<\/p>\n\n\n\n<p>\u201cA la citada localidad arribaron mediante vuelo comercial adquirido a la empresa Aerol\u00edneas Argentina \u2013VUELO AR 1744- que parti\u00f3 desde el Aeroparque Jorge Newbery el 20 de septiembre a las 18.05, con destino a la ciudad de Resistencia\u201d, indicaron adem\u00e1s, y tambi\u00e9n especificaron que el boleto de avi\u00f3n, que cost\u00f3 50476.80 pesos, fue financiado \u201cde forma privada\u201d por el comisario general Rolle a trav\u00e9s de tarjeta de cr\u00e9dito personal.<\/p>\n\n\n\n<p>A modo de respaldo, adjuntaron el ticket de vuelo, y aclararon que hasta Itat\u00ed el traslado fue en auto. \u201cCabe mencionar, que luego de la ceremonia religiosa retornaron a la Ciudad Aut\u00f3noma de Buenos Aires por v\u00eda terrestre\u201d, finaliza el informe.<\/p>\n\n\n\n<p>La pol\u00e9mica abierta por el supuesto uso del avi\u00f3n de la fuerza gener\u00f3 la r\u00e1pida respuesta de la Polic\u00eda Federal, ya que Rolle busca cuidarse y no dar motivos a Patricia Bullrich para desplazarlo, una idea que sobrevol\u00f3 ni bien la ministra asumi\u00f3 al cargo, pero que debi\u00f3 posponer ya que las designaciones en PFA, Gendarmer\u00eda Nacional, Prefectura Naval y PSA las hab\u00eda ordenado el entonces jefe de Gabinete de la Naci\u00f3n Nicol\u00e1s Posse.<\/p>\n\n\n\n<p>Con la renuncia de Posse, la funcionaria de Seguridad intent\u00f3 volver a la carga y Rolle sabe que la funcionara tiene definido un reemplazante para ese cargo. Por eso, el jefe de la fuerza prefiere mantener un perfil m\u00e1s bajo y no darle motivos a la ministra.<\/p>\n","protected":false},"excerpt":{"rendered":"<p>El Ministerio de Seguridad neg&oacute; el presunto uso del jefe de la Polic&iacute;a Federal, comisario general Luis Rolle, de un avi&oacute;n de esa fuerza para trasladar familiares y allegados a la fiesta de su casamiento que se realiz&oacute; en Corrientes. Por medio de un informe de la Jefatura Federal de la Polic&iacute;a, expusieron que el [&hellip;]<\/p>\n","protected":false},"author":2,"featured_media":9829,"comment_status":"open","ping_status":"open","sticky":false,"template":"","format":"standard","meta":{"footnotes":""},"categories":[5,176],"tags":[4165,448,4490,4487,510,642],"class_list":["post-9840","post","type-post","status-publish","format-standard","has-post-thumbnail","hentry","category-nacionales","category-politica","tag-casamiento","tag-corrientes","tag-desmienten","tag-luis-rolle","tag-patricia-bullrich","tag-viaje"],"_links":{"self":[{"href":"https:\/\/partediario.com.ar\/index.php?rest_route=\/wp\/v2\/posts\/9840","targetHints":{"allow":["GET"]}}],"collection":[{"href":"https:\/\/partediario.com.ar\/index.php?rest_route=\/wp\/v2\/posts"}],"about":[{"href":"https:\/\/partediario.com.ar\/index.php?rest_route=\/wp\/v2\/types\/post"}],"author":[{"embeddable":true,"href":"https:\/\/partediario.com.ar\/index.php?rest_route=\/wp\/v2\/users\/2"}],"replies":[{"embeddable":true,"href":"https:\/\/partediario.com.ar\/index.php?rest_route=%2Fwp%2Fv2%2Fcomments&post=9840"}],"version-history":[{"count":1,"href":"https:\/\/partediario.com.ar\/index.php?rest_route=\/wp\/v2\/posts\/9840\/revisions"}],"predecessor-version":[{"id":9841,"href":"https:\/\/partediario.com.ar\/index.php?rest_route=\/wp\/v2\/posts\/9840\/revisions\/9841"}],"wp:featuredmedia":[{"embeddable":true,"href":"https:\/\/partediario.com.ar\/index.php?rest_route=\/wp\/v2\/media\/9829"}],"wp:attachment":[{"href":"https:\/\/partediario.com.ar\/index.php?rest_route=%2Fwp%2Fv2%2Fmedia&parent=9840"}],"wp:term":[{"taxonomy":"category","embeddable":true,"href":"https:\/\/partediario.com.ar\/index.php?rest_route=%2Fwp%2Fv2%2Fcategories&post=9840"},{"taxonomy":"post_tag","embeddable":true,"href":"https:\/\/partediario.com.ar\/index.php?rest_route=%2Fwp%2Fv2%2Ftags&post=9840"}],"curies":[{"name":"wp","href":"https:\/\/api.w.org\/{rel}","templated":true}]}}