{"id":9842,"date":"2024-12-05T11:54:22","date_gmt":"2024-12-05T14:54:22","guid":{"rendered":"https:\/\/partediario.com.ar\/?p=9842"},"modified":"2024-12-06T14:06:21","modified_gmt":"2024-12-06T17:06:21","slug":"parisini-gordo-dan-deslizo-que-aceptaria-una-candidatura-para-2025-depende-de-javier-milei-y-karina-senalo","status":"publish","type":"post","link":"https:\/\/partediario.com.ar\/?p=9842","title":{"rendered":"Parisini (Gordo Dan) desliz\u00f3 que aceptar\u00eda una candidatura para 2025. \u00abDepende de Javier Milei y Karina\u00bb, se\u00f1al\u00f3"},"content":{"rendered":"\n<h3 class=\"wp-block-heading\">Daniel Parisini dej\u00f3 abierta la puerta a una candidatura en 2025, pero expres\u00f3 que su decisi\u00f3n depender\u00e1 de Javier y Karina Milei, l\u00edderes de La Libertad Avanza.<\/h3>\n\n\n\n<p>El empresario y referente del espacio libertario, Daniel Parisini, conocido como \u00abGordo Dan\u00bb, destac\u00f3 su disposici\u00f3n a una posible candidatura en las elecciones de 2025, aunque dej\u00f3 claro que su decisi\u00f3n depender\u00e1 exclusivamente de Javier Milei y su hermana, Karina Milei.<\/p>\n\n\n\n<p>En di\u00e1logo con la prensa, Parisini fue consultado sobre las especulaciones que lo posicionan como un potencial candidato, incluso con el respaldo de figuras como Guillermo Francos. \u00abMucha gente, como Guillermo, me quiere como candidato. Pero en ese sentido, yo solamente respondo a quienes considero mis l\u00edderes pol\u00edticos: el presidente Javier Milei y su hermana Karina. Depende de ellos\u00bb, asegur\u00f3.<\/p>\n\n\n\n<p>Parisi subray\u00f3 adem\u00e1s que su participaci\u00f3n depender\u00eda de una evaluaci\u00f3n sobre d\u00f3nde podr\u00eda ser m\u00e1s \u00fatil para el movimiento libertario. \u00abSi ellos me lo piden, por supuesto que estar\u00eda dispuesto. Pero tambi\u00e9n creo que habr\u00eda que evaluar desde d\u00f3nde soy m\u00e1s valioso\u00bb, acot\u00f3.<\/p>\n\n\n\n<p>La influencia de Javier y Karina Milei en las decisiones dentro de La Libertad Avanza sigue siendo determinante. Mientras Javier lidera desde la presidencia, Karina, apodada \u00abEl Jefe\u00bb, desempe\u00f1a un papel principal en la estrategia pol\u00edtica del espacio, lo que refuerza el peso de sus decisiones en cualquier postulaci\u00f3n a futuro.<\/p>\n\n\n\n<p>Con este escenario, la posibilidad de que Parisini se postule queda supeditada a los movimientos internos del partido y al contexto pol\u00edtico que surja en los pr\u00f3ximos meses. Lo cierto es que por el momento, su postura deja abierta la puerta a una candidatura que podr\u00eda fortalecer a\u00fan m\u00e1s al oficialismo libertario en el futuro cercano.<\/p>\n","protected":false},"excerpt":{"rendered":"<p>Daniel Parisini dej&oacute; abierta la puerta a una candidatura en 2025, pero expres&oacute; que su decisi&oacute;n depender&aacute; de Javier y Karina Milei, l&iacute;deres de La Libertad Avanza. El empresario y referente del espacio libertario, Daniel Parisini, conocido como &laquo;Gordo Dan&raquo;, destac&oacute; su disposici&oacute;n a una posible candidatura en las elecciones de 2025, aunque dej&oacute; claro [&hellip;]<\/p>\n","protected":false},"author":2,"featured_media":9843,"comment_status":"open","ping_status":"open","sticky":false,"template":"","format":"standard","meta":{"footnotes":""},"categories":[5,176],"tags":[4492,1958,4345,4344,232,263,4491],"class_list":["post-9842","post","type-post","status-publish","format-standard","has-post-thumbnail","hentry","category-nacionales","category-politica","tag-cabdidatura","tag-candidatura","tag-daniel-parisini","tag-gordo-dan","tag-javier-milei","tag-karina-milei","tag-posible"],"_links":{"self":[{"href":"https:\/\/partediario.com.ar\/index.php?rest_route=\/wp\/v2\/posts\/9842","targetHints":{"allow":["GET"]}}],"collection":[{"href":"https:\/\/partediario.com.ar\/index.php?rest_route=\/wp\/v2\/posts"}],"about":[{"href":"https:\/\/partediario.com.ar\/index.php?rest_route=\/wp\/v2\/types\/post"}],"author":[{"embeddable":true,"href":"https:\/\/partediario.com.ar\/index.php?rest_route=\/wp\/v2\/users\/2"}],"replies":[{"embeddable":true,"href":"https:\/\/partediario.com.ar\/index.php?rest_route=%2Fwp%2Fv2%2Fcomments&post=9842"}],"version-history":[{"count":1,"href":"https:\/\/partediario.com.ar\/index.php?rest_route=\/wp\/v2\/posts\/9842\/revisions"}],"predecessor-version":[{"id":9844,"href":"https:\/\/partediario.com.ar\/index.php?rest_route=\/wp\/v2\/posts\/9842\/revisions\/9844"}],"wp:featuredmedia":[{"embeddable":true,"href":"https:\/\/partediario.com.ar\/index.php?rest_route=\/wp\/v2\/media\/9843"}],"wp:attachment":[{"href":"https:\/\/partediario.com.ar\/index.php?rest_route=%2Fwp%2Fv2%2Fmedia&parent=9842"}],"wp:term":[{"taxonomy":"category","embeddable":true,"href":"https:\/\/partediario.com.ar\/index.php?rest_route=%2Fwp%2Fv2%2Fcategories&post=9842"},{"taxonomy":"post_tag","embeddable":true,"href":"https:\/\/partediario.com.ar\/index.php?rest_route=%2Fwp%2Fv2%2Ftags&post=9842"}],"curies":[{"name":"wp","href":"https:\/\/api.w.org\/{rel}","templated":true}]}}