{"id":9845,"date":"2024-12-05T12:02:21","date_gmt":"2024-12-05T15:02:21","guid":{"rendered":"https:\/\/partediario.com.ar\/?p=9845"},"modified":"2024-12-06T14:06:18","modified_gmt":"2024-12-06T17:06:18","slug":"evacuaron-por-amenaza-de-bomba-los-tribunales-de-asuncion-donde-tramita-la-causa-del-senador-edgardo-kueider","status":"publish","type":"post","link":"https:\/\/partediario.com.ar\/?p=9845","title":{"rendered":"Evacuaron por amenaza de bomba los Tribunales de Asunci\u00f3n donde tramita la causa del senador Edgardo Kueider"},"content":{"rendered":"\n<h3 class=\"wp-block-heading\">Desalojaron el lugar luego de activar los protocolos de seguridad. En el lugar est\u00e1 la oficina del juez Humberto Otaz\u00fa que tiene a cargo la investigaci\u00f3n por contrabando que se le sigue al senador nacional por Entre R\u00edos.<\/h3>\n\n\n\n<p>El Palacio de Justicia de Paraguay donde se encuentra el despacho del juez a cargo de la causa del senador Edgardo Kueider fue evacuado tras una amenaza de bomba en el lugar.<\/p>\n\n\n\n<p>Los funcionarios que trabajan en el citado lugar tomaron todas sus cosas y salieron corriendo de la sede judicial para ponerse a salvo y, seg\u00fan se supo, el magistrado a cargo de la mencionada causa, Humberto Otaz\u00fa, dictar\u00eda la prisi\u00f3n preventiva de Kueider.<\/p>\n\n\n\n<p>Noticia en desarrollo\u2026<\/p>\n","protected":false},"excerpt":{"rendered":"<p>Desalojaron el lugar luego de activar los protocolos de seguridad. En el lugar est&aacute; la oficina del juez Humberto Otaz&uacute; que tiene a cargo la investigaci&oacute;n por contrabando que se le sigue al senador nacional por Entre R&iacute;os. El Palacio de Justicia de Paraguay donde se encuentra el despacho del juez a cargo de la [&hellip;]<\/p>\n","protected":false},"author":2,"featured_media":9846,"comment_status":"open","ping_status":"open","sticky":false,"template":"","format":"standard","meta":{"footnotes":""},"categories":[9,979,5,7],"tags":[],"class_list":["post-9845","post","type-post","status-publish","format-standard","has-post-thumbnail","hentry","category-internacionales","category-judiciales","category-nacionales","category-policiales"],"_links":{"self":[{"href":"https:\/\/partediario.com.ar\/index.php?rest_route=\/wp\/v2\/posts\/9845","targetHints":{"allow":["GET"]}}],"collection":[{"href":"https:\/\/partediario.com.ar\/index.php?rest_route=\/wp\/v2\/posts"}],"about":[{"href":"https:\/\/partediario.com.ar\/index.php?rest_route=\/wp\/v2\/types\/post"}],"author":[{"embeddable":true,"href":"https:\/\/partediario.com.ar\/index.php?rest_route=\/wp\/v2\/users\/2"}],"replies":[{"embeddable":true,"href":"https:\/\/partediario.com.ar\/index.php?rest_route=%2Fwp%2Fv2%2Fcomments&post=9845"}],"version-history":[{"count":1,"href":"https:\/\/partediario.com.ar\/index.php?rest_route=\/wp\/v2\/posts\/9845\/revisions"}],"predecessor-version":[{"id":9847,"href":"https:\/\/partediario.com.ar\/index.php?rest_route=\/wp\/v2\/posts\/9845\/revisions\/9847"}],"wp:featuredmedia":[{"embeddable":true,"href":"https:\/\/partediario.com.ar\/index.php?rest_route=\/wp\/v2\/media\/9846"}],"wp:attachment":[{"href":"https:\/\/partediario.com.ar\/index.php?rest_route=%2Fwp%2Fv2%2Fmedia&parent=9845"}],"wp:term":[{"taxonomy":"category","embeddable":true,"href":"https:\/\/partediario.com.ar\/index.php?rest_route=%2Fwp%2Fv2%2Fcategories&post=9845"},{"taxonomy":"post_tag","embeddable":true,"href":"https:\/\/partediario.com.ar\/index.php?rest_route=%2Fwp%2Fv2%2Ftags&post=9845"}],"curies":[{"name":"wp","href":"https:\/\/api.w.org\/{rel}","templated":true}]}}