{"id":9853,"date":"2024-12-05T12:22:34","date_gmt":"2024-12-05T15:22:34","guid":{"rendered":"https:\/\/partediario.com.ar\/?p=9853"},"modified":"2024-12-06T14:06:06","modified_gmt":"2024-12-06T17:06:06","slug":"cuando-kueider-ingreso-a-paraguay-dijo-que-era-un-senador-oficialista-senalo-oscar-orue","status":"publish","type":"post","link":"https:\/\/partediario.com.ar\/?p=9853","title":{"rendered":"Cuando Kueider ingres\u00f3 a Paraguay \u00abdijo que era un senador oficialista\u00bb, se\u00f1al\u00f3 Oscar Oru\u00e9"},"content":{"rendered":"\n<h3 class=\"wp-block-heading\">El director de Ingresos Tributarios de Paraguay, Oscar Oru\u00e9 afirm\u00f3 este jueves que Edgardo Kueider dijo ser \u201cun senador oficialista\u201d cuando entr\u00f3 al pa\u00eds vecino, a la vez que destac\u00f3 que \u201cva a tener que demostrar de qui\u00e9n es el dinero y de d\u00f3nde sali\u00f3\u00bb.<\/h3>\n\n\n\n<p>Cuando entr\u00f3 al pa\u00eds, Kueider dijo que era un senador \u00aboficialista\u00bb, precis\u00f3 Oru\u00e9 en di\u00e1logo con Marcelo Longobardi en Radio Rivadavia, y agreg\u00f3: \u201cAc\u00e1 (en Paraguay) tiene dos procedimientos y va a continuar en condici\u00f3n de detenido\u201d.<\/p>\n\n\n\n<p>El funcionario paraguayo manifest\u00f3 adem\u00e1s: \u00abEn el horario que ingres\u00f3 Kueider hay m\u00e1s control porque pasan contrabando. Entiendo que est\u00e1 en un hotel a disposici\u00f3n del Ministerio p\u00fablico\u00bb.<\/p>\n\n\n\n<p>\u00abVa a tener que demostrar de qui\u00e9n es el dinero y de d\u00f3nde sali\u00f3\u00bb, afirm\u00f3 Oru\u00e9, a la vez que indic\u00f3 que \u00abun procedimiento como este puede tardar 90 d\u00edas\u00bb y dijo que \u00abKueider podr\u00eda comprar, pero necesita tener residencia para comprar un inmueble y ponerlo a su nombre\u00bb.<\/p>\n","protected":false},"excerpt":{"rendered":"<p>El director de Ingresos Tributarios de Paraguay, Oscar Oru&eacute; afirm&oacute; este jueves que Edgardo Kueider dijo ser &ldquo;un senador oficialista&rdquo; cuando entr&oacute; al pa&iacute;s vecino, a la vez que destac&oacute; que &ldquo;va a tener que demostrar de qui&eacute;n es el dinero y de d&oacute;nde sali&oacute;&raquo;. Cuando entr&oacute; al pa&iacute;s, Kueider dijo que era un senador [&hellip;]<\/p>\n","protected":false},"author":2,"featured_media":9854,"comment_status":"open","ping_status":"open","sticky":false,"template":"","format":"standard","meta":{"footnotes":""},"categories":[979,5,176],"tags":[436,280,4496,4494,284,2879],"class_list":["post-9853","post","type-post","status-publish","format-standard","has-post-thumbnail","hentry","category-judiciales","category-nacionales","category-politica","tag-detenido","tag-edgardo-kueider","tag-oficialista","tag-oscar-orue","tag-paraguay","tag-senador"],"_links":{"self":[{"href":"https:\/\/partediario.com.ar\/index.php?rest_route=\/wp\/v2\/posts\/9853","targetHints":{"allow":["GET"]}}],"collection":[{"href":"https:\/\/partediario.com.ar\/index.php?rest_route=\/wp\/v2\/posts"}],"about":[{"href":"https:\/\/partediario.com.ar\/index.php?rest_route=\/wp\/v2\/types\/post"}],"author":[{"embeddable":true,"href":"https:\/\/partediario.com.ar\/index.php?rest_route=\/wp\/v2\/users\/2"}],"replies":[{"embeddable":true,"href":"https:\/\/partediario.com.ar\/index.php?rest_route=%2Fwp%2Fv2%2Fcomments&post=9853"}],"version-history":[{"count":1,"href":"https:\/\/partediario.com.ar\/index.php?rest_route=\/wp\/v2\/posts\/9853\/revisions"}],"predecessor-version":[{"id":9855,"href":"https:\/\/partediario.com.ar\/index.php?rest_route=\/wp\/v2\/posts\/9853\/revisions\/9855"}],"wp:featuredmedia":[{"embeddable":true,"href":"https:\/\/partediario.com.ar\/index.php?rest_route=\/wp\/v2\/media\/9854"}],"wp:attachment":[{"href":"https:\/\/partediario.com.ar\/index.php?rest_route=%2Fwp%2Fv2%2Fmedia&parent=9853"}],"wp:term":[{"taxonomy":"category","embeddable":true,"href":"https:\/\/partediario.com.ar\/index.php?rest_route=%2Fwp%2Fv2%2Fcategories&post=9853"},{"taxonomy":"post_tag","embeddable":true,"href":"https:\/\/partediario.com.ar\/index.php?rest_route=%2Fwp%2Fv2%2Ftags&post=9853"}],"curies":[{"name":"wp","href":"https:\/\/api.w.org\/{rel}","templated":true}]}}