{"id":9871,"date":"2024-12-05T20:29:15","date_gmt":"2024-12-05T23:29:15","guid":{"rendered":"https:\/\/partediario.com.ar\/?p=9871"},"modified":"2024-12-06T14:05:42","modified_gmt":"2024-12-06T17:05:42","slug":"aerolineas-argentinas-y-latam-anuncian-acuerdos-de-codigo-compartido","status":"publish","type":"post","link":"https:\/\/partediario.com.ar\/?p=9871","title":{"rendered":"Aerol\u00edneas Argentinas y Latam anuncian acuerdos de c\u00f3digo compartido"},"content":{"rendered":"\n<h3 class=\"wp-block-heading\">Aerol\u00edneas Argentinas y Latam, competidoras en el mercado de cabotaje nacional, rubricaron un acuerdo de c\u00f3digos compartidos, para conectar las rutas dom\u00e9sticas y regionales de sus respectivos pa\u00edses, anunciaron hoy desde la empresa estatal.<\/h3>\n\n\n\n<p>Los acuerdos, que involucran a las filiales de Brasil, Colombia, Ecuador, Paraguay y Per\u00fa del grupo LATAM, permitir\u00e1n la venta de pasajes de rutas nacionales y regionales entre Aerol\u00edneas Argentinas y las filiales de LATAM, posibilitando, tambi\u00e9n la acumulaci\u00f3n y canje rec\u00edprocos de millas\/puntos en los programas LATAM Pass y Aerol\u00edneas Plus.<\/p>\n\n\n\n<p>Estos acuerdos, que no contemplan la operaci\u00f3n de la filial del grupo LATAM en Chile, incluyen la comercializaci\u00f3n conjunta de m\u00e1s de 140 destinos en Sudam\u00e9rica, alcanzando 55 destinos nacionales en Brasil, 37 en Argentina, 21 en Per\u00fa, 19 en Colombia y 8 en Ecuador, adem\u00e1s de rutas regionales entre Brasil\/Colombia\/Paraguay\/Per\u00fa\/Uruguay y Argentina; ofreciendo una experiencia de viaje m\u00e1s \u00e1gil y otorgando mayores opciones a los pasajeros.<\/p>\n\n\n\n<p>Adem\u00e1s, estos acuerdos permitir\u00e1n el canje y acumulaci\u00f3n rec\u00edproca de puntos\/millas a trav\u00e9s de los programas de viajero frecuente de las compa\u00f1\u00edas, beneficiando a 48 millones de socios LATAM Pass y m\u00e1s de 4 millones de miembros Aerol\u00edneas Plus.<\/p>\n\n\n\n<p>\u201cSe est\u00e1n ampliando las opciones de viaje para los clientes, llegando a m\u00faltiples destinos en Argentina y en la regi\u00f3n. Estos acuerdos otorgan mayores beneficios producto de la amplia red de destinos que tiene Aerol\u00edneas Argentinas que robustece la conectividad de vuelos del grupo LATAM en la regi\u00f3n\u00bb, mencion\u00f3 Soledad Berrios, Directora de Alianzas Estrat\u00e9gicas del grupo LATAM.<\/p>\n\n\n\n<p>Por su parte, Leandro Serino, Gerente de Planeamiento de Redes, Itinerarios y Alianzas de Aerol\u00edneas Argentinas, a\u00f1adi\u00f3: \u201cEste acuerdo nos permitir\u00e1 fortalecer nuestro programa Aerol\u00edneas Plus y ampliar la oferta de destinos en la regi\u00f3n para nuestros pasajeros, adem\u00e1s de darle la posibilidad a los clientes de LATAM de aprovechar toda la oferta de vuelos locales de Aerol\u00edneas Argentinas\u00bb.<\/p>\n\n\n\n<p>Si bien los acuerdos se concretaron entre las empresas y a\u00fan est\u00e1n sujetos a la aprobaci\u00f3n de las autoridades pertinentes, todo indicar\u00eda que no habr\u00e1 problemas para su implementaci\u00f3n lo que podr\u00eda ocurrir en dos o tres meses.<\/p>\n\n\n\n<p>Latam y Aerol\u00edneas Argentinas estuvieron en un tiempo radicalmente enfrentadas, al punto que se plante\u00f3 una cuesti\u00f3n judicial por la posesi\u00f3n de un hangar que la empresa de capitales chilenos ten\u00eda en Aeroparque y que Aerol\u00edneas Argentinas, manejada por La C\u00e1mpora, le pretend\u00eda quitar, oblig\u00e1ndolos a trasladarlo a Ezeiza.<\/p>\n\n\n\n<p>Fueron momentos de gran tensi\u00f3n entre las partes, que se termin\u00f3 zanjando de una manera diplom\u00e1tica, pero sin que el recelo entre ellos desapareciese totalmente.<\/p>\n\n\n\n<p>En el 2020, LATAM cerr\u00f3 su filial en la Argentina, donde se hab\u00eda instalado en 2005 y sus directivos apunaron, por un lado contra los gremios aeron\u00e1uticos locales y su intransigencia a la hora de implementar reclamos, pero por el otro a la propia Aerol\u00edneas, por lo que consideraron una \u201ccompetencia desleal\u201d debido a los subsidios que la firma estatal recib\u00eda del Estado nacional.<\/p>\n\n\n\n<p>Aerol\u00edneas tiene acuerdos de c\u00f3digo compartido con otras l\u00edneas a\u00e9reas de la regi\u00f3n, como por ejemplo con Gol, con la cual, mantiene una alianza estrat\u00e9gica.<\/p>\n","protected":false},"excerpt":{"rendered":"<p>Aerol&iacute;neas Argentinas y Latam, competidoras en el mercado de cabotaje nacional, rubricaron un acuerdo de c&oacute;digos compartidos, para conectar las rutas dom&eacute;sticas y regionales de sus respectivos pa&iacute;ses, anunciaron hoy desde la empresa estatal. Los acuerdos, que involucran a las filiales de Brasil, Colombia, Ecuador, Paraguay y Per&uacute; del grupo LATAM, permitir&aacute;n la venta de [&hellip;]<\/p>\n","protected":false},"author":2,"featured_media":9872,"comment_status":"open","ping_status":"open","sticky":false,"template":"","format":"standard","meta":{"footnotes":""},"categories":[5,726],"tags":[1108,962,1638,4506,4505],"class_list":["post-9871","post","type-post","status-publish","format-standard","has-post-thumbnail","hentry","category-nacionales","category-sociedad","tag-acuerdo","tag-aerolineas-argentinas","tag-codigo","tag-compartido","tag-latam"],"_links":{"self":[{"href":"https:\/\/partediario.com.ar\/index.php?rest_route=\/wp\/v2\/posts\/9871","targetHints":{"allow":["GET"]}}],"collection":[{"href":"https:\/\/partediario.com.ar\/index.php?rest_route=\/wp\/v2\/posts"}],"about":[{"href":"https:\/\/partediario.com.ar\/index.php?rest_route=\/wp\/v2\/types\/post"}],"author":[{"embeddable":true,"href":"https:\/\/partediario.com.ar\/index.php?rest_route=\/wp\/v2\/users\/2"}],"replies":[{"embeddable":true,"href":"https:\/\/partediario.com.ar\/index.php?rest_route=%2Fwp%2Fv2%2Fcomments&post=9871"}],"version-history":[{"count":1,"href":"https:\/\/partediario.com.ar\/index.php?rest_route=\/wp\/v2\/posts\/9871\/revisions"}],"predecessor-version":[{"id":9873,"href":"https:\/\/partediario.com.ar\/index.php?rest_route=\/wp\/v2\/posts\/9871\/revisions\/9873"}],"wp:featuredmedia":[{"embeddable":true,"href":"https:\/\/partediario.com.ar\/index.php?rest_route=\/wp\/v2\/media\/9872"}],"wp:attachment":[{"href":"https:\/\/partediario.com.ar\/index.php?rest_route=%2Fwp%2Fv2%2Fmedia&parent=9871"}],"wp:term":[{"taxonomy":"category","embeddable":true,"href":"https:\/\/partediario.com.ar\/index.php?rest_route=%2Fwp%2Fv2%2Fcategories&post=9871"},{"taxonomy":"post_tag","embeddable":true,"href":"https:\/\/partediario.com.ar\/index.php?rest_route=%2Fwp%2Fv2%2Ftags&post=9871"}],"curies":[{"name":"wp","href":"https:\/\/api.w.org\/{rel}","templated":true}]}}