{"id":9883,"date":"2024-12-06T13:58:53","date_gmt":"2024-12-06T16:58:53","guid":{"rendered":"https:\/\/partediario.com.ar\/?p=9883"},"modified":"2024-12-07T11:20:53","modified_gmt":"2024-12-07T14:20:53","slug":"aumenta-el-saldo-de-emergencia-de-la-sube","status":"publish","type":"post","link":"https:\/\/partediario.com.ar\/?p=9883","title":{"rendered":"Aumenta el saldo de emergencia de la SUBE"},"content":{"rendered":"\n<h3 class=\"wp-block-heading\">A partir del 18 de diciembre, el saldo de emergencia de la tarjeta SUBE f\u00edsica se incrementar\u00e1 en todas las localidades que utilizan este medio de transporte. De este modo, los usuarios podr\u00e1n continuar viajando hasta que recarguen su tarjeta.<\/h3>\n\n\n\n<p><strong>Nuevos montos de emergencias<\/strong><\/p>\n\n\n\n<ul class=\"wp-block-list\">\n<li>Colectivos de todas las localidades, subtes de la Ciudad de Buenos Aires y transporte fluvial en el Delta de la Provincia de Buenos Aires: $1.200<\/li>\n\n\n\n<li>L\u00edneas de trenes del AMBA (Mitre, Sarmiento, Roca, San Mart\u00edn, Belgrano Norte y Sur) y el Tren del Valle de Neuqu\u00e9n: $650<\/li>\n\n\n\n<li>L\u00ednea de tren Urquiza (hasta finalizaci\u00f3n de trabajos de recambio tecnol\u00f3gico en sus molinetes): $480<\/li>\n<\/ul>\n\n\n\n<p>Este aumento es el resultado de la implementaci\u00f3n de nuevas actualizaciones en las validadoras de colectivos y molinetes de trenes, realizadas por la Secretar\u00eda de Transporte de la Naci\u00f3n y Naci\u00f3n Servicios.<\/p>\n\n\n\n<p><strong>\u00bfC\u00f3mo cargar tu SUBE?<\/strong><\/p>\n\n\n\n<p>La carga de la tarjeta puede realizarse de manera presencial en los puntos habilitados o electr\u00f3nicamente, a trav\u00e9s de la app SUBE, cajeros autom\u00e1ticos, homebanking o billeteras virtuales. En caso de elegir una carga electr\u00f3nica, es necesario acreditar el saldo en la tarjeta utilizando la app SUBE, las Terminales Autom\u00e1ticas o la opci\u00f3n Carga a Bordo en las validadoras de los colectivos.<\/p>\n","protected":false},"excerpt":{"rendered":"<p>A partir del 18 de diciembre, el saldo de emergencia de la tarjeta SUBE f&iacute;sica se incrementar&aacute; en todas las localidades que utilizan este medio de transporte. De este modo, los usuarios podr&aacute;n continuar viajando hasta que recarguen su tarjeta. Nuevos montos de emergencias Este aumento es el resultado de la implementaci&oacute;n de nuevas actualizaciones [&hellip;]<\/p>\n","protected":false},"author":2,"featured_media":9884,"comment_status":"open","ping_status":"open","sticky":false,"template":"","format":"standard","meta":{"footnotes":""},"categories":[5,176,726],"tags":[4514,258,695,694],"class_list":["post-9883","post","type-post","status-publish","format-standard","has-post-thumbnail","hentry","category-nacionales","category-politica","category-sociedad","tag-aumenta","tag-emergencia","tag-saldo","tag-sube"],"_links":{"self":[{"href":"https:\/\/partediario.com.ar\/index.php?rest_route=\/wp\/v2\/posts\/9883","targetHints":{"allow":["GET"]}}],"collection":[{"href":"https:\/\/partediario.com.ar\/index.php?rest_route=\/wp\/v2\/posts"}],"about":[{"href":"https:\/\/partediario.com.ar\/index.php?rest_route=\/wp\/v2\/types\/post"}],"author":[{"embeddable":true,"href":"https:\/\/partediario.com.ar\/index.php?rest_route=\/wp\/v2\/users\/2"}],"replies":[{"embeddable":true,"href":"https:\/\/partediario.com.ar\/index.php?rest_route=%2Fwp%2Fv2%2Fcomments&post=9883"}],"version-history":[{"count":1,"href":"https:\/\/partediario.com.ar\/index.php?rest_route=\/wp\/v2\/posts\/9883\/revisions"}],"predecessor-version":[{"id":9885,"href":"https:\/\/partediario.com.ar\/index.php?rest_route=\/wp\/v2\/posts\/9883\/revisions\/9885"}],"wp:featuredmedia":[{"embeddable":true,"href":"https:\/\/partediario.com.ar\/index.php?rest_route=\/wp\/v2\/media\/9884"}],"wp:attachment":[{"href":"https:\/\/partediario.com.ar\/index.php?rest_route=%2Fwp%2Fv2%2Fmedia&parent=9883"}],"wp:term":[{"taxonomy":"category","embeddable":true,"href":"https:\/\/partediario.com.ar\/index.php?rest_route=%2Fwp%2Fv2%2Fcategories&post=9883"},{"taxonomy":"post_tag","embeddable":true,"href":"https:\/\/partediario.com.ar\/index.php?rest_route=%2Fwp%2Fv2%2Ftags&post=9883"}],"curies":[{"name":"wp","href":"https:\/\/api.w.org\/{rel}","templated":true}]}}