{"id":9886,"date":"2024-12-06T14:05:17","date_gmt":"2024-12-06T17:05:17","guid":{"rendered":"https:\/\/partediario.com.ar\/?p=9886"},"modified":"2024-12-08T12:22:24","modified_gmt":"2024-12-08T15:22:24","slug":"reabriran-una-investigacion-a-cristina-kirchner-por-posibles-irregularidades-en-sus-declaraciones-juradas-patrimoniales","status":"publish","type":"post","link":"https:\/\/partediario.com.ar\/?p=9886","title":{"rendered":"Reabrir\u00e1n una investigaci\u00f3n a Cristina Kirchner por posibles irregularidades en sus declaraciones juradas patrimoniales"},"content":{"rendered":"\n<h3 class=\"wp-block-heading\">La C\u00e1mara Federal porte\u00f1a resolvi\u00f3 reabrir una investigaci\u00f3n a la ex presidenta Cristina Kirchner y orden\u00f3 un peritaje contable en una denuncia por posibles irregularidades en la presentaci\u00f3n de sus declaraciones juradas patrimoniales.<\/h3>\n\n\n\n<p>As\u00ed se dio a conocer luego de una resoluci\u00f3n de la sala I del Tribunal de Apelaciones.<\/p>\n\n\n\n<p>Los jueces ordenaron al juzgado federal 10 que tramita la causa que realice un peritaje sobre las declaraciones juradas patrimoniales de la ex presidenta antes de volver a tomar una nueva decisi\u00f3n al respecto, al revocar el archivo que se hab\u00eda dispuesto y la decisi\u00f3n fue de los camaristas Leopoldo Bruglia, Pablo Bertuzzi y Mariano Llorens quienes entendieron que no est\u00e1 agotada la investigaci\u00f3n.<\/p>\n\n\n\n<p>Llorens, por su parte en un voto propio en minor\u00eda, estim\u00f3 que esta denuncia en la que es querellante la Unidad de Informaci\u00f3n Financiera, deber\u00eda evaluarse de manera \u00abglobal\u00bb con las dem\u00e1s causas abiertas a Cristina Kirchner y entendi\u00f3 que hay pruebas como para citarla a declaraci\u00f3n indagatoria.<\/p>\n\n\n\n<p>\u00abLas inconsistencias en las declaraciones juradas patrimoniales de la nombrada se encuentran debidamente acreditadas\u201d, agreg\u00f1o Llorens, quien destac\u00f3: \u201cLa hip\u00f3tesis de enriquecimiento il\u00edcito que aqu\u00ed se denunci\u00f3 denota una conexi\u00f3n directa entre el incremento desproporcionado del patrimonio de una persona y la imposibilidad de justificarlo correctamente en las respectivas declaraciones juradas\u201d.<\/p>\n\n\n\n<p>\u00abAparece muy claro que en el caso se dan los presupuestos del art\u00edculo 294 del ordenamiento ritual en vigencia para que, en este proceso, la imputada deba responder respecto del enriquecimiento il\u00edcito ya probado, para luego avanzar a las etapas siguientes del proceso y no que retroceda a la etapa del archivo\u201d, finaliz\u00f3 el juez.<\/p>\n\n\n\n<p>Ahora, la C\u00e1mara con los votos de Bruglia y Bertuzzi encomend\u00f3 una pericia sobre todas las declaraciones juradas patrimoniales y la documentaci\u00f3n que el juzgado estime pertinente.<\/p>\n","protected":false},"excerpt":{"rendered":"<p>La C&aacute;mara Federal porte&ntilde;a resolvi&oacute; reabrir una investigaci&oacute;n a la ex presidenta Cristina Kirchner y orden&oacute; un peritaje contable en una denuncia por posibles irregularidades en la presentaci&oacute;n de sus declaraciones juradas patrimoniales. As&iacute; se dio a conocer luego de una resoluci&oacute;n de la sala I del Tribunal de Apelaciones. Los jueces ordenaron al juzgado [&hellip;]<\/p>\n","protected":false},"author":2,"featured_media":9887,"comment_status":"open","ping_status":"open","sticky":false,"template":"","format":"standard","meta":{"footnotes":""},"categories":[979,5],"tags":[518,4515,2123,4516,2860],"class_list":["post-9886","post","type-post","status-publish","format-standard","has-post-thumbnail","hentry","category-judiciales","category-nacionales","tag-cristina-kirchner","tag-delaraciones","tag-investigacion","tag-patrimoniales","tag-reapertura"],"_links":{"self":[{"href":"https:\/\/partediario.com.ar\/index.php?rest_route=\/wp\/v2\/posts\/9886","targetHints":{"allow":["GET"]}}],"collection":[{"href":"https:\/\/partediario.com.ar\/index.php?rest_route=\/wp\/v2\/posts"}],"about":[{"href":"https:\/\/partediario.com.ar\/index.php?rest_route=\/wp\/v2\/types\/post"}],"author":[{"embeddable":true,"href":"https:\/\/partediario.com.ar\/index.php?rest_route=\/wp\/v2\/users\/2"}],"replies":[{"embeddable":true,"href":"https:\/\/partediario.com.ar\/index.php?rest_route=%2Fwp%2Fv2%2Fcomments&post=9886"}],"version-history":[{"count":1,"href":"https:\/\/partediario.com.ar\/index.php?rest_route=\/wp\/v2\/posts\/9886\/revisions"}],"predecessor-version":[{"id":9888,"href":"https:\/\/partediario.com.ar\/index.php?rest_route=\/wp\/v2\/posts\/9886\/revisions\/9888"}],"wp:featuredmedia":[{"embeddable":true,"href":"https:\/\/partediario.com.ar\/index.php?rest_route=\/wp\/v2\/media\/9887"}],"wp:attachment":[{"href":"https:\/\/partediario.com.ar\/index.php?rest_route=%2Fwp%2Fv2%2Fmedia&parent=9886"}],"wp:term":[{"taxonomy":"category","embeddable":true,"href":"https:\/\/partediario.com.ar\/index.php?rest_route=%2Fwp%2Fv2%2Fcategories&post=9886"},{"taxonomy":"post_tag","embeddable":true,"href":"https:\/\/partediario.com.ar\/index.php?rest_route=%2Fwp%2Fv2%2Ftags&post=9886"}],"curies":[{"name":"wp","href":"https:\/\/api.w.org\/{rel}","templated":true}]}}