{"id":9893,"date":"2024-12-06T20:44:14","date_gmt":"2024-12-06T23:44:14","guid":{"rendered":"https:\/\/partediario.com.ar\/?p=9893"},"modified":"2024-12-08T12:22:20","modified_gmt":"2024-12-08T15:22:20","slug":"union-por-la-patria-pide-sesion-para-remover-a-kueider-y-fuerzan-a-la-libertad-avanza","status":"publish","type":"post","link":"https:\/\/partediario.com.ar\/?p=9893","title":{"rendered":"Uni\u00f3n por la Patria pide sesi\u00f3n para remover a Kueider y fuerzan a la Libertad Avanza"},"content":{"rendered":"\n<h3 class=\"wp-block-heading\">El peronismo pide echar al senador acusado de contrabando. Mientras que el gobierno busca evitar que deje su banca, porque si bien lo tildan de \u00abK\u00bb, en la pr\u00e1ctica ha sido un fuerte aliado de Milei y Villarruel.<\/h3>\n\n\n\n<p>Uni\u00f3n por la Patria (UP) presentar\u00e1 este viernes un pedido de sesi\u00f3n en el Senado, para el pr\u00f3ximo jueves, para intentar la expulsi\u00f3n de la c\u00e1mara Alta, del entrerriano Edgardo Kueider por \u201cinhabilidad moral\u201d. El senador se encuentra con prisi\u00f3n domiciliaria en Paraguay (al igual que su secretaria Iara Guinsel Costa), imputado por tentativa de contrabando despu\u00e9s de ser detenido en la frontera con m\u00e1s de u$s200 mil sin declarar.<\/p>\n\n\n\n<p>El senador entrerriano que ingres\u00f3 a la c\u00e1mara Alta por la boleta del Frente de Todos en 2019, luego se apart\u00f3 del peronismo y fue un aliado constante de La Libertad Avanza (LLA) durante todo este a\u00f1o, solicit\u00f3 licencia a su cargo. Con lo cual, el oficialismo perdi\u00f3 en los hechos un voto para las sesiones extraordinarias. Desde la Uni\u00f3n por la Patria, exigen ahora la destituci\u00f3n de Kueider, ya que de ocurrir su salida ser\u00eda reemplazado por Stefan\u00eda Cora, dirigente de peso de La C\u00e1mpora en Entre R\u00edos. Es decir, el interbloque peronista pasar\u00eda a tener una voluntad m\u00e1s para alcanzar las 34 bancas, a tres del qu\u00f3rum propio, que podr\u00eda llegar a lograr con aliados.<\/p>\n\n\n\n<p>\u201cVamos a pedir una sesi\u00f3n para expulsar a Kueider del cuerpo el pr\u00f3ximo\u201d, destacaron desde el bloque en el Senado. El pedido ingresar\u00e1 este viernes. Se\u00f1alaron que el fin de las sesiones ordinarias no ser\u00eda un escollo, ya que se trata de una cuesti\u00f3n interna del cuerpo.<\/p>\n\n\n\n<p>La autoconvocatoria del cuerpo requerir\u00e1 de una mayor\u00eda de dos tercios para concretar la expulsi\u00f3n. En el peronismo desconocen si llegar\u00e1n al n\u00famero, pero buscar\u00e1n hacer un sondeo con el oficialismo. \u201cQueremos ver quienes lo apoyan. Est\u00e1 preso en Paraguay, lo agarraron in fraganti, es como los bolsos de L\u00f3pez\u201d, expresaron desde la UP.<\/p>\n","protected":false},"excerpt":{"rendered":"<p>El peronismo pide echar al senador acusado de contrabando. Mientras que el gobierno busca evitar que deje su banca, porque si bien lo tildan de &laquo;K&raquo;, en la pr&aacute;ctica ha sido un fuerte aliado de Milei y Villarruel. Uni&oacute;n por la Patria (UP) presentar&aacute; este viernes un pedido de sesi&oacute;n en el Senado, para el [&hellip;]<\/p>\n","protected":false},"author":2,"featured_media":9894,"comment_status":"open","ping_status":"open","sticky":false,"template":"","format":"standard","meta":{"footnotes":""},"categories":[5,176],"tags":[280,266,230,4521,4520],"class_list":["post-9893","post","type-post","status-publish","format-standard","has-post-thumbnail","hentry","category-nacionales","category-politica","tag-edgardo-kueider","tag-libertad-avanza","tag-senado","tag-stefania-cora","tag-union-por-la-patria"],"_links":{"self":[{"href":"https:\/\/partediario.com.ar\/index.php?rest_route=\/wp\/v2\/posts\/9893","targetHints":{"allow":["GET"]}}],"collection":[{"href":"https:\/\/partediario.com.ar\/index.php?rest_route=\/wp\/v2\/posts"}],"about":[{"href":"https:\/\/partediario.com.ar\/index.php?rest_route=\/wp\/v2\/types\/post"}],"author":[{"embeddable":true,"href":"https:\/\/partediario.com.ar\/index.php?rest_route=\/wp\/v2\/users\/2"}],"replies":[{"embeddable":true,"href":"https:\/\/partediario.com.ar\/index.php?rest_route=%2Fwp%2Fv2%2Fcomments&post=9893"}],"version-history":[{"count":1,"href":"https:\/\/partediario.com.ar\/index.php?rest_route=\/wp\/v2\/posts\/9893\/revisions"}],"predecessor-version":[{"id":9895,"href":"https:\/\/partediario.com.ar\/index.php?rest_route=\/wp\/v2\/posts\/9893\/revisions\/9895"}],"wp:featuredmedia":[{"embeddable":true,"href":"https:\/\/partediario.com.ar\/index.php?rest_route=\/wp\/v2\/media\/9894"}],"wp:attachment":[{"href":"https:\/\/partediario.com.ar\/index.php?rest_route=%2Fwp%2Fv2%2Fmedia&parent=9893"}],"wp:term":[{"taxonomy":"category","embeddable":true,"href":"https:\/\/partediario.com.ar\/index.php?rest_route=%2Fwp%2Fv2%2Fcategories&post=9893"},{"taxonomy":"post_tag","embeddable":true,"href":"https:\/\/partediario.com.ar\/index.php?rest_route=%2Fwp%2Fv2%2Ftags&post=9893"}],"curies":[{"name":"wp","href":"https:\/\/api.w.org\/{rel}","templated":true}]}}