{"id":9900,"date":"2024-12-07T11:20:17","date_gmt":"2024-12-07T14:20:17","guid":{"rendered":"https:\/\/partediario.com.ar\/?p=9900"},"modified":"2024-12-08T12:22:13","modified_gmt":"2024-12-08T15:22:13","slug":"cristina-apunta-a-milei-por-kueider-tienen-miedo-que-hable-expreso","status":"publish","type":"post","link":"https:\/\/partediario.com.ar\/?p=9900","title":{"rendered":"Cristina apunta a Milei por Kueider: \u00ab\u00bfTienen miedo que hable?, expres\u00f3"},"content":{"rendered":"\n<h3 class=\"wp-block-heading\">La ex vicepresidenta Cristina Fern\u00e1ndez de Kirchner a trav\u00e9s de sus redes sociales hizo referencia al caso del senador Edgardo Kueider, y su expulsi\u00f3n del Senado. Apunt\u00f3 el presidente Javier Milei, y tambi\u00e9n contra la actual vicepresidenta, Victoria Villarruel.<\/h3>\n\n\n\n<p><\/p>\n\n\n\n<blockquote class=\"twitter-tweet\"><p lang=\"es\" dir=\"ltr\">Che Milei! <br><br>A vos que dec\u00edas que ven\u00edas a terminar con la \u201ccasta\u201d, te quiero avisar que los 33 senadores y senadoras peronistas piden sesi\u00f3n especial el pr\u00f3ximo jueves a las 11hs, para remover al Senador argentino que est\u00e1 preso en Paraguay porque lo agarraron en la Triple\u2026 <a href=\"https:\/\/t.co\/IgdO1NazTe\">pic.twitter.com\/IgdO1NazTe<\/a><\/p>&mdash; Cristina Kirchner (@CFKArgentina) <a href=\"https:\/\/twitter.com\/CFKArgentina\/status\/1865380905071558811?ref_src=twsrc%5Etfw\">December 7, 2024<\/a><\/blockquote> <script async src=\"https:\/\/platform.twitter.com\/widgets.js\" charset=\"utf-8\"><\/script>\n\n\n\n<p><\/p>\n\n\n\n<p>\u201cChe Milei, a vos que dec\u00edas que ven\u00edas a terminar con la casta, te quiero avisar que los 33 senadores peronistas piden sesi\u00f3n especial el pr\u00f3ximo jueves a las 11 horas para remover al Senador argentino que est\u00e1 preso en Paraguay porque lo agarraron en la Triple Frontera con m\u00e1s de 200 mil d\u00f3lares sin justificar\u201d, arranca el escrito publicado en @CFKArgentina, la cuenta oficial de Cristina.<\/p>\n\n\n\n<p>\u201cFijate que tu Vicepresidenta no se olvide de convocar a sesionar y que tus 6 senadores bajen al recinto para dar qu\u00f3rum\u201d, contin\u00faa, apuntando tambi\u00e9n a Villarruel.<\/p>\n\n\n\n<p>Sobre el final de la nota, la vicepresidente se hace una filosa pregunta \u00bfO Kueider es tuyo y lo van a dejar seguir siendo Senador porque tienen miedo que hable\u00bb.<\/p>\n\n\n\n<p>El Gobierno quiere impulsar en el Senado la destituci\u00f3n de otros legisladores investigados. Convocar\u00e1n a una sesi\u00f3n especial para el jueves, una hora antes de la pedida por Uni\u00f3n por la Patria.<\/p>\n","protected":false},"excerpt":{"rendered":"<p>La ex vicepresidenta Cristina Fern&aacute;ndez de Kirchner a trav&eacute;s de sus redes sociales hizo referencia al caso del senador Edgardo Kueider, y su expulsi&oacute;n del Senado. Apunt&oacute; el presidente Javier Milei, y tambi&eacute;n contra la actual vicepresidenta, Victoria Villarruel. Che Milei! A vos que dec&iacute;as que ven&iacute;as a terminar con la &ldquo;casta&rdquo;, te quiero avisar [&hellip;]<\/p>\n","protected":false},"author":2,"featured_media":9901,"comment_status":"open","ping_status":"open","sticky":false,"template":"","format":"standard","meta":{"footnotes":""},"categories":[5,176],"tags":[518,280,232],"class_list":["post-9900","post","type-post","status-publish","format-standard","has-post-thumbnail","hentry","category-nacionales","category-politica","tag-cristina-kirchner","tag-edgardo-kueider","tag-javier-milei"],"_links":{"self":[{"href":"https:\/\/partediario.com.ar\/index.php?rest_route=\/wp\/v2\/posts\/9900","targetHints":{"allow":["GET"]}}],"collection":[{"href":"https:\/\/partediario.com.ar\/index.php?rest_route=\/wp\/v2\/posts"}],"about":[{"href":"https:\/\/partediario.com.ar\/index.php?rest_route=\/wp\/v2\/types\/post"}],"author":[{"embeddable":true,"href":"https:\/\/partediario.com.ar\/index.php?rest_route=\/wp\/v2\/users\/2"}],"replies":[{"embeddable":true,"href":"https:\/\/partediario.com.ar\/index.php?rest_route=%2Fwp%2Fv2%2Fcomments&post=9900"}],"version-history":[{"count":1,"href":"https:\/\/partediario.com.ar\/index.php?rest_route=\/wp\/v2\/posts\/9900\/revisions"}],"predecessor-version":[{"id":9902,"href":"https:\/\/partediario.com.ar\/index.php?rest_route=\/wp\/v2\/posts\/9900\/revisions\/9902"}],"wp:featuredmedia":[{"embeddable":true,"href":"https:\/\/partediario.com.ar\/index.php?rest_route=\/wp\/v2\/media\/9901"}],"wp:attachment":[{"href":"https:\/\/partediario.com.ar\/index.php?rest_route=%2Fwp%2Fv2%2Fmedia&parent=9900"}],"wp:term":[{"taxonomy":"category","embeddable":true,"href":"https:\/\/partediario.com.ar\/index.php?rest_route=%2Fwp%2Fv2%2Fcategories&post=9900"},{"taxonomy":"post_tag","embeddable":true,"href":"https:\/\/partediario.com.ar\/index.php?rest_route=%2Fwp%2Fv2%2Ftags&post=9900"}],"curies":[{"name":"wp","href":"https:\/\/api.w.org\/{rel}","templated":true}]}}