{"id":9904,"date":"2024-12-07T20:55:36","date_gmt":"2024-12-07T23:55:36","guid":{"rendered":"https:\/\/partediario.com.ar\/?p=9904"},"modified":"2024-12-07T20:55:37","modified_gmt":"2024-12-07T23:55:37","slug":"santa-elena-avanza-la-construccion-de-salones-para-las-comparsas","status":"publish","type":"post","link":"https:\/\/partediario.com.ar\/?p=9904","title":{"rendered":"Santa Elena: avanza la construcci\u00f3n de salones para las comparsas"},"content":{"rendered":"\n<h3 class=\"wp-block-heading\">La Municipalidad trabaja arduamente en la construcci\u00f3n de los nuevos salones para las comparsas, que en poco tiempo m\u00e1s se presentar\u00e1n para el disfrute de santaelenenses y turistas.<\/h3>\n\n\n\n<p>De cara a una nueva edici\u00f3n de los Carnavales 2025 \u00abSent\u00ed la Pasi\u00f3n\u00bb, el Secretario de Gobierno y Hacienda, Dr. Francisco Rossi, junto al Secretario de Obras y Servicios P\u00fablicos, MMO Mart\u00edn Bonazzola, recorrieron el avance de obras de los salones de trabajo para las comparsas de estilo de la ciudad, acompa\u00f1ados de Vanina \u00c1lvarez, parte del equipo de trabajo.<\/p>\n\n\n\n<p><\/p>\n\n\n\n<figure class=\"wp-block-image size-large\"><img loading=\"lazy\" decoding=\"async\" width=\"1024\" height=\"576\" src=\"https:\/\/partediario.com.ar\/wp-content\/uploads\/469459765_995275012644254_7967424718526206796_n-1024x576.jpg\" alt=\"\" class=\"wp-image-9905\" srcset=\"https:\/\/partediario.com.ar\/wp-content\/uploads\/469459765_995275012644254_7967424718526206796_n-1024x576.jpg 1024w, https:\/\/partediario.com.ar\/wp-content\/uploads\/469459765_995275012644254_7967424718526206796_n-300x169.jpg 300w, https:\/\/partediario.com.ar\/wp-content\/uploads\/469459765_995275012644254_7967424718526206796_n-768x432.jpg 768w, https:\/\/partediario.com.ar\/wp-content\/uploads\/469459765_995275012644254_7967424718526206796_n-1536x864.jpg 1536w, https:\/\/partediario.com.ar\/wp-content\/uploads\/469459765_995275012644254_7967424718526206796_n.jpg 2048w\" sizes=\"auto, (max-width: 1024px) 100vw, 1024px\" \/><\/figure>\n\n\n\n<p><\/p>\n\n\n\n<figure class=\"wp-block-image size-large\"><img loading=\"lazy\" decoding=\"async\" width=\"576\" height=\"1024\" src=\"https:\/\/partediario.com.ar\/wp-content\/uploads\/469509742_995275049310917_8931476209667206115_n-576x1024.jpg\" alt=\"\" class=\"wp-image-9906\" srcset=\"https:\/\/partediario.com.ar\/wp-content\/uploads\/469509742_995275049310917_8931476209667206115_n-576x1024.jpg 576w, https:\/\/partediario.com.ar\/wp-content\/uploads\/469509742_995275049310917_8931476209667206115_n-169x300.jpg 169w, https:\/\/partediario.com.ar\/wp-content\/uploads\/469509742_995275049310917_8931476209667206115_n-768x1365.jpg 768w, https:\/\/partediario.com.ar\/wp-content\/uploads\/469509742_995275049310917_8931476209667206115_n-864x1536.jpg 864w, https:\/\/partediario.com.ar\/wp-content\/uploads\/469509742_995275049310917_8931476209667206115_n.jpg 1152w\" sizes=\"auto, (max-width: 576px) 100vw, 576px\" \/><\/figure>\n\n\n\n<p><\/p>\n\n\n\n<p>Estos espacios permitir\u00e1n reducir costos y movilidad de materiales de trabajo, ya que se encuentran ubicados estrat\u00e9gicamente a metros del Cors\u00f3dromo Municipal, se\u00f1alaron desde la Municipalidad.<\/p>\n\n\n\n<p><\/p>\n\n\n\n<p><strong>Palpitando el carnaval en Santa Elena<\/strong><\/p>\n\n\n\n<p><\/p>\n\n\n\n<figure class=\"wp-block-video\"><video height=\"1920\" style=\"aspect-ratio: 1072 \/ 1920;\" width=\"1072\" controls src=\"https:\/\/partediario.com.ar\/wp-content\/uploads\/VID-20230219-WA0022.mp4\"><\/video><\/figure>\n\n\n\n<p><\/p>\n","protected":false},"excerpt":{"rendered":"<p>La Municipalidad trabaja arduamente en la construcci&oacute;n de los nuevos salones para las comparsas, que en poco tiempo m&aacute;s se presentar&aacute;n para el disfrute de santaelenenses y turistas. De cara a una nueva edici&oacute;n de los Carnavales 2025 &laquo;Sent&iacute; la Pasi&oacute;n&raquo;, el Secretario de Gobierno y Hacienda, Dr. Francisco Rossi, junto al Secretario de Obras [&hellip;]<\/p>\n","protected":false},"author":2,"featured_media":9907,"comment_status":"open","ping_status":"open","sticky":false,"template":"","format":"standard","meta":{"footnotes":""},"categories":[3272],"tags":[1801,3148,4522,207],"class_list":["post-9904","post","type-post","status-publish","format-standard","has-post-thumbnail","hentry","category-municipales","tag-comparsas","tag-construccion","tag-galpones","tag-santa-elena"],"_links":{"self":[{"href":"https:\/\/partediario.com.ar\/index.php?rest_route=\/wp\/v2\/posts\/9904","targetHints":{"allow":["GET"]}}],"collection":[{"href":"https:\/\/partediario.com.ar\/index.php?rest_route=\/wp\/v2\/posts"}],"about":[{"href":"https:\/\/partediario.com.ar\/index.php?rest_route=\/wp\/v2\/types\/post"}],"author":[{"embeddable":true,"href":"https:\/\/partediario.com.ar\/index.php?rest_route=\/wp\/v2\/users\/2"}],"replies":[{"embeddable":true,"href":"https:\/\/partediario.com.ar\/index.php?rest_route=%2Fwp%2Fv2%2Fcomments&post=9904"}],"version-history":[{"count":1,"href":"https:\/\/partediario.com.ar\/index.php?rest_route=\/wp\/v2\/posts\/9904\/revisions"}],"predecessor-version":[{"id":9909,"href":"https:\/\/partediario.com.ar\/index.php?rest_route=\/wp\/v2\/posts\/9904\/revisions\/9909"}],"wp:featuredmedia":[{"embeddable":true,"href":"https:\/\/partediario.com.ar\/index.php?rest_route=\/wp\/v2\/media\/9907"}],"wp:attachment":[{"href":"https:\/\/partediario.com.ar\/index.php?rest_route=%2Fwp%2Fv2%2Fmedia&parent=9904"}],"wp:term":[{"taxonomy":"category","embeddable":true,"href":"https:\/\/partediario.com.ar\/index.php?rest_route=%2Fwp%2Fv2%2Fcategories&post=9904"},{"taxonomy":"post_tag","embeddable":true,"href":"https:\/\/partediario.com.ar\/index.php?rest_route=%2Fwp%2Fv2%2Ftags&post=9904"}],"curies":[{"name":"wp","href":"https:\/\/api.w.org\/{rel}","templated":true}]}}