{"id":9913,"date":"2024-12-08T11:41:44","date_gmt":"2024-12-08T14:41:44","guid":{"rendered":"https:\/\/partediario.com.ar\/?p=9913"},"modified":"2024-12-08T11:41:44","modified_gmt":"2024-12-08T14:41:44","slug":"entre-rios-participo-en-la-presentacion-de-la-alianza-verde-argentina","status":"publish","type":"post","link":"https:\/\/partediario.com.ar\/?p=9913","title":{"rendered":"Entre R\u00edos particip\u00f3 en la presentaci\u00f3n de la Alianza Verde Argentina"},"content":{"rendered":"\n<h3 class=\"wp-block-heading\">En el Consejo Argentino para las Relaciones Internacionales (CARI), las provincias de Entre R\u00edos, Misiones y La Pampa, como miembros fundadores, presentaron oficialmente la Alianza Verde Argentina.<\/h3>\n\n\n\n<p>Esta coalici\u00f3n de gobiernos subnacionales, originada en abril de este a\u00f1o en la ciudad de Posadas, tiene como prop\u00f3sito promover la acci\u00f3n clim\u00e1tica regional y fortalecer las pol\u00edticas ambientales en las provincias.<\/p>\n\n\n\n<p>La presentaci\u00f3n, convocada por el Comit\u00e9 de Estudios Ambientales y Desarrollo Humano bajo la direcci\u00f3n de la embajadora Mar\u00eda Esther Bondanza, estuvo a cargo de Maximiliano G\u00f3mez, director general de Cambio Clim\u00e1tico de Entre R\u00edos; Florencia Ricard, subsecretaria de Cambio Clim\u00e1tico de La Pampa; y Carla Brizuela, subsecretaria de Relaciones Internacionales y Cambio Clim\u00e1tico de Misiones.<\/p>\n\n\n\n<p>La Alianza Verde Argentina representa un esfuerzo colaborativo entre diversas provincias del pa\u00eds, unidas por el objetivo com\u00fan de abordar los desaf\u00edos de la agenda clim\u00e1tica global. Durante el evento, se discutieron estrategias para fortalecer el papel de los gobiernos subnacionales en la implementaci\u00f3n de acciones efectivas de mitigaci\u00f3n y adaptaci\u00f3n al cambio clim\u00e1tico.<\/p>\n\n\n\n<p>El encuentro cont\u00f3 con la presencia de, entre otros, Francisco de Santiba\u00f1es, presidente del CARI; el diplom\u00e1tico y embajador Ra\u00fal Estrada Oyuela; Norma Cadoppi Frigerio, presidenta de la Fundaci\u00f3n Foro Estrat\u00e9gico para el Desarrollo Nacional; y Mariano Villares de Fundaci\u00f3n Sustentabilidad sin Fronteras.<\/p>\n\n\n\n<p>\u00abFue una excelente oportunidad para compartir el trabajo conjunto que venimos realizando y para debatir sobre los desaf\u00edos que enfrentamos en el \u00e1mbito clim\u00e1tico\u00bb, afirm\u00f3 G\u00f3mez.<\/p>\n","protected":false},"excerpt":{"rendered":"<p>En el Consejo Argentino para las Relaciones Internacionales (CARI), las provincias de Entre R&iacute;os, Misiones y La Pampa, como miembros fundadores, presentaron oficialmente la Alianza Verde Argentina. Esta coalici&oacute;n de gobiernos subnacionales, originada en abril de este a&ntilde;o en la ciudad de Posadas, tiene como prop&oacute;sito promover la acci&oacute;n clim&aacute;tica regional y fortalecer las pol&iacute;ticas [&hellip;]<\/p>\n","protected":false},"author":2,"featured_media":9914,"comment_status":"open","ping_status":"open","sticky":false,"template":"","format":"standard","meta":{"footnotes":""},"categories":[8],"tags":[4524,411,257,614,2808],"class_list":["post-9913","post","type-post","status-publish","format-standard","has-post-thumbnail","hentry","category-provinciales","tag-alianza","tag-argentina","tag-entre-rios","tag-misiones","tag-verde"],"_links":{"self":[{"href":"https:\/\/partediario.com.ar\/index.php?rest_route=\/wp\/v2\/posts\/9913","targetHints":{"allow":["GET"]}}],"collection":[{"href":"https:\/\/partediario.com.ar\/index.php?rest_route=\/wp\/v2\/posts"}],"about":[{"href":"https:\/\/partediario.com.ar\/index.php?rest_route=\/wp\/v2\/types\/post"}],"author":[{"embeddable":true,"href":"https:\/\/partediario.com.ar\/index.php?rest_route=\/wp\/v2\/users\/2"}],"replies":[{"embeddable":true,"href":"https:\/\/partediario.com.ar\/index.php?rest_route=%2Fwp%2Fv2%2Fcomments&post=9913"}],"version-history":[{"count":1,"href":"https:\/\/partediario.com.ar\/index.php?rest_route=\/wp\/v2\/posts\/9913\/revisions"}],"predecessor-version":[{"id":9915,"href":"https:\/\/partediario.com.ar\/index.php?rest_route=\/wp\/v2\/posts\/9913\/revisions\/9915"}],"wp:featuredmedia":[{"embeddable":true,"href":"https:\/\/partediario.com.ar\/index.php?rest_route=\/wp\/v2\/media\/9914"}],"wp:attachment":[{"href":"https:\/\/partediario.com.ar\/index.php?rest_route=%2Fwp%2Fv2%2Fmedia&parent=9913"}],"wp:term":[{"taxonomy":"category","embeddable":true,"href":"https:\/\/partediario.com.ar\/index.php?rest_route=%2Fwp%2Fv2%2Fcategories&post=9913"},{"taxonomy":"post_tag","embeddable":true,"href":"https:\/\/partediario.com.ar\/index.php?rest_route=%2Fwp%2Fv2%2Ftags&post=9913"}],"curies":[{"name":"wp","href":"https:\/\/api.w.org\/{rel}","templated":true}]}}