{"id":9930,"date":"2024-12-09T11:44:38","date_gmt":"2024-12-09T14:44:38","guid":{"rendered":"https:\/\/partediario.com.ar\/?p=9930"},"modified":"2024-12-10T15:02:33","modified_gmt":"2024-12-10T18:02:33","slug":"axel-kicillof-y-gobernadores-peronistas-quieren-quedarse-con-aerolineas-argentinas","status":"publish","type":"post","link":"https:\/\/partediario.com.ar\/?p=9930","title":{"rendered":"Axel Kicillof y gobernadores peronistas quieren quedarse con Aerol\u00edneas Argentinas"},"content":{"rendered":"\n<h3 class=\"wp-block-heading\">El gobernador bonaerense, Axel Kicillof, afirm\u00f3 que \u00absi el Gobierno Nacional quiere vender Aerol\u00edneas Argentinas a un grupo amigo, la Provincia de Buenos Aires no lo va a permitir\u00bb.<\/h3>\n\n\n\n<p>Junto a la vicegobernadora Ver\u00f3nica Magario, el ministro de Gobierno, Carlos Bianco, y su par en Desarrollo de la Comunidad, Andr\u00e9s Larroque, el mandatario provincial se\u00f1al\u00f3 que el Gobierno \u00abparece no tener ning\u00fan inter\u00e9s\u00bb en tratar en el Congreso el presupuesto nacional, \u00abpero amagan permanentemente\u00bb con presentar, en las Sesiones Extraordinarias, la privatizaci\u00f3n de Aerol\u00edneas Argentinas.<\/p>\n\n\n\n<p>\u00abEsto funciona como una bomba de humo, en t\u00e9rminos pol\u00edticos\u00bb, destac\u00f3 Kicillof. \u00abNo va a discutir el presupuesto nacional y s\u00ed va a presentar, te\u00f3ricamente, algo que le parece relevante como es privatizar Aerol\u00edneas Argentinas\u00bb, acot\u00f3, calificando la medida como \u00abdeplorable y tr\u00e1gica\u00bb.<\/p>\n\n\n\n<p>Adem\u00e1s record\u00f3 que la privatizaci\u00f3n anterior desemboc\u00f3 en \u00abun desguace, una liquidaci\u00f3n, el vaciamiento, la venta de aviones, la p\u00e9rdida de rutas nacionales e internacionales y el cierre de diferentes destinos\u00bb, lo que describi\u00f3 como \u00abun desastre absoluto\u00bb.<\/p>\n\n\n\n<p>Asimismo, indic\u00f3 que existen \u00abvarias mentiras\u00bb respecto al \u00abgasto enorme que se ahorrar\u00eda el Gobierno\u00bb, asegurando que Aerol\u00edneas \u00abno recibi\u00f3\u00bb asistencia financiera de Naci\u00f3n el a\u00f1o pasado.<\/p>\n\n\n\n<p>Y remarc\u00f3 que durante la gesti\u00f3n estatal, \u00abse cambi\u00f3 la flota\u00bb, Aerol\u00edneas se uni\u00f3 a la prestigiosa alianza Sky Team y \u00abrecuper\u00f3 su lugar internacional\u00bb, con \u00ab21 destinos del Interior a los que solo viaja Aerol\u00edneas\u00bb.<\/p>\n\n\n\n<p>\u00abSi el Gobierno la quiere liquidar, vaciar, cerrar o vender a una empresa extranjera o a un grupo amigo, la provincia de Buenos Aires no lo va a permitir\u00bb, destac\u00f3 el gobernador.<\/p>\n\n\n\n<p>Y finaliz\u00f3: \u00abAerol\u00edneas no se vende y la patria tampoco\u00bb.<\/p>\n","protected":false},"excerpt":{"rendered":"<p>El gobernador bonaerense, Axel Kicillof, afirm&oacute; que &laquo;si el Gobierno Nacional quiere vender Aerol&iacute;neas Argentinas a un grupo amigo, la Provincia de Buenos Aires no lo va a permitir&raquo;. Junto a la vicegobernadora Ver&oacute;nica Magario, el ministro de Gobierno, Carlos Bianco, y su par en Desarrollo de la Comunidad, Andr&eacute;s Larroque, el mandatario provincial se&ntilde;al&oacute; [&hellip;]<\/p>\n","protected":false},"author":2,"featured_media":9931,"comment_status":"open","ping_status":"open","sticky":false,"template":"","format":"standard","meta":{"footnotes":""},"categories":[5,176],"tags":[962,1112,1023,4528],"class_list":["post-9930","post","type-post","status-publish","format-standard","has-post-thumbnail","hentry","category-nacionales","category-politica","tag-aerolineas-argentinas","tag-axel-kicillof","tag-gobernadores","tag-peronistas"],"_links":{"self":[{"href":"https:\/\/partediario.com.ar\/index.php?rest_route=\/wp\/v2\/posts\/9930","targetHints":{"allow":["GET"]}}],"collection":[{"href":"https:\/\/partediario.com.ar\/index.php?rest_route=\/wp\/v2\/posts"}],"about":[{"href":"https:\/\/partediario.com.ar\/index.php?rest_route=\/wp\/v2\/types\/post"}],"author":[{"embeddable":true,"href":"https:\/\/partediario.com.ar\/index.php?rest_route=\/wp\/v2\/users\/2"}],"replies":[{"embeddable":true,"href":"https:\/\/partediario.com.ar\/index.php?rest_route=%2Fwp%2Fv2%2Fcomments&post=9930"}],"version-history":[{"count":1,"href":"https:\/\/partediario.com.ar\/index.php?rest_route=\/wp\/v2\/posts\/9930\/revisions"}],"predecessor-version":[{"id":9932,"href":"https:\/\/partediario.com.ar\/index.php?rest_route=\/wp\/v2\/posts\/9930\/revisions\/9932"}],"wp:featuredmedia":[{"embeddable":true,"href":"https:\/\/partediario.com.ar\/index.php?rest_route=\/wp\/v2\/media\/9931"}],"wp:attachment":[{"href":"https:\/\/partediario.com.ar\/index.php?rest_route=%2Fwp%2Fv2%2Fmedia&parent=9930"}],"wp:term":[{"taxonomy":"category","embeddable":true,"href":"https:\/\/partediario.com.ar\/index.php?rest_route=%2Fwp%2Fv2%2Fcategories&post=9930"},{"taxonomy":"post_tag","embeddable":true,"href":"https:\/\/partediario.com.ar\/index.php?rest_route=%2Fwp%2Fv2%2Ftags&post=9930"}],"curies":[{"name":"wp","href":"https:\/\/api.w.org\/{rel}","templated":true}]}}