{"id":9933,"date":"2024-12-09T12:08:17","date_gmt":"2024-12-09T15:08:17","guid":{"rendered":"https:\/\/partediario.com.ar\/?p=9933"},"modified":"2024-12-10T15:02:29","modified_gmt":"2024-12-10T18:02:29","slug":"el-insolito-lugar-que-eligio-javier-milei-para-celebrar-su-primer-ano-de-gestion","status":"publish","type":"post","link":"https:\/\/partediario.com.ar\/?p=9933","title":{"rendered":"El inesperado lugar que eligi\u00f3 Javier Milei para celebrar su primer a\u00f1o de gesti\u00f3n"},"content":{"rendered":"\n<h3 class=\"wp-block-heading\">El presidente Javier Milei celebrar\u00e1 este martes el primer aniversario de su gesti\u00f3n en un evento cerrado organizado por la Sociedad Rural Argentina (SRA), que se realizar\u00e1 en el hist\u00f3rico predio de Palermo.<\/h3>\n\n\n\n<p>En un nuevo gesto hacia el campo, el mandatario nacional estar\u00e1 acompa\u00f1ado por su ministro de Econom\u00eda, Luis Caputo, y se aguarda su presencia ma\u00f1ana, en la apertura de la reuni\u00f3n de delegados, directores y Consejo Federal 2024, mientras su funcionario lo har\u00e1 a las 14.30.<\/p>\n\n\n\n<p>El evento que nuclear\u00e1 a m\u00e1s de 400 delegados y dirigentes de todo el pa\u00eds tendr\u00e1 lugar en el restaurante central del predio cerrar\u00e1 con un tradicional brindis de fin de a\u00f1o.<\/p>\n\n\n\n<p>La relaci\u00f3n entre Milei y el titular de la SRA, Nicol\u00e1s Pino, es \u00f3ptima, y en m\u00e1s de una oportunidad hubo compromisos para eliminar las retenciones y el cepo cambiario.<\/p>\n\n\n\n<p>El compromiso para este martes configurar\u00e1 la cuarta visita del libertario al predio desde el 10 de diciembre de 2023.<\/p>\n\n\n\n<p>Durante el acto inaugural de la entidad, el presidente anunci\u00f3 la quita de los derechos de exportaci\u00f3n en leche y carne porcina, y que redujo en carne vacuna y aviar. Tambi\u00e9n elimin\u00f3 las retenciones para la carne de las categor\u00edas de vacas A, B, C, D y E.<\/p>\n\n\n\n<p>En mayo, en el marco la Expo Angus, el jefe de Estado afirm\u00f3 que su presencia \u201ces una clara se\u00f1al de apoyo a este sector, que es tan importante en la historia argentina y para el futuro del pa\u00eds\u201d, e hizo p\u00fablicas sus intenciones de desregular al sector.<\/p>\n\n\n\n<p>\u201cQuiero que tengan presente que, as\u00ed como hemos trabajado en el mercado de cambios para terminar con la brecha, que en alg\u00fan momento puede tener alguna oscilaci\u00f3n con lo que est\u00e1 pasando, tambi\u00e9n estamos trabajando fuertemente para eliminar el cepo\u201d, supo prometer, y agreg\u00f3: \u00abY, en la medida que se empiece a recomponer las cuentas fiscales y vuelva el crecimiento econ\u00f3mico, primero vamos a eliminar el Impuesto PAIS y despu\u00e9s le van a seguir las retenciones, para que el campo sea totalmente libre\u201d, concluy\u00f3.<\/p>\n","protected":false},"excerpt":{"rendered":"<p>El presidente Javier Milei celebrar&aacute; este martes el primer aniversario de su gesti&oacute;n en un evento cerrado organizado por la Sociedad Rural Argentina (SRA), que se realizar&aacute; en el hist&oacute;rico predio de Palermo. En un nuevo gesto hacia el campo, el mandatario nacional estar&aacute; acompa&ntilde;ado por su ministro de Econom&iacute;a, Luis Caputo, y se aguarda [&hellip;]<\/p>\n","protected":false},"author":2,"featured_media":9934,"comment_status":"open","ping_status":"open","sticky":false,"template":"","format":"standard","meta":{"footnotes":""},"categories":[5,176],"tags":[4531,2676,232,3854,4530,2080],"class_list":["post-9933","post","type-post","status-publish","format-standard","has-post-thumbnail","hentry","category-nacionales","category-politica","tag-ano","tag-celebracion","tag-javier-milei","tag-palermo","tag-primer","tag-sociedad-rural-argentina"],"_links":{"self":[{"href":"https:\/\/partediario.com.ar\/index.php?rest_route=\/wp\/v2\/posts\/9933","targetHints":{"allow":["GET"]}}],"collection":[{"href":"https:\/\/partediario.com.ar\/index.php?rest_route=\/wp\/v2\/posts"}],"about":[{"href":"https:\/\/partediario.com.ar\/index.php?rest_route=\/wp\/v2\/types\/post"}],"author":[{"embeddable":true,"href":"https:\/\/partediario.com.ar\/index.php?rest_route=\/wp\/v2\/users\/2"}],"replies":[{"embeddable":true,"href":"https:\/\/partediario.com.ar\/index.php?rest_route=%2Fwp%2Fv2%2Fcomments&post=9933"}],"version-history":[{"count":2,"href":"https:\/\/partediario.com.ar\/index.php?rest_route=\/wp\/v2\/posts\/9933\/revisions"}],"predecessor-version":[{"id":9936,"href":"https:\/\/partediario.com.ar\/index.php?rest_route=\/wp\/v2\/posts\/9933\/revisions\/9936"}],"wp:featuredmedia":[{"embeddable":true,"href":"https:\/\/partediario.com.ar\/index.php?rest_route=\/wp\/v2\/media\/9934"}],"wp:attachment":[{"href":"https:\/\/partediario.com.ar\/index.php?rest_route=%2Fwp%2Fv2%2Fmedia&parent=9933"}],"wp:term":[{"taxonomy":"category","embeddable":true,"href":"https:\/\/partediario.com.ar\/index.php?rest_route=%2Fwp%2Fv2%2Fcategories&post=9933"},{"taxonomy":"post_tag","embeddable":true,"href":"https:\/\/partediario.com.ar\/index.php?rest_route=%2Fwp%2Fv2%2Ftags&post=9933"}],"curies":[{"name":"wp","href":"https:\/\/api.w.org\/{rel}","templated":true}]}}