{"id":9938,"date":"2024-12-09T14:24:08","date_gmt":"2024-12-09T17:24:08","guid":{"rendered":"https:\/\/partediario.com.ar\/?p=9938"},"modified":"2024-12-10T15:02:22","modified_gmt":"2024-12-10T18:02:22","slug":"cristina-kirchner-sergio-massa-y-axel-kicillof-encabezan-un-encuentro-del-pj-en-moreno","status":"publish","type":"post","link":"https:\/\/partediario.com.ar\/?p=9938","title":{"rendered":"Cristina Kirchner, Sergio Massa y Axel Kicillof encabezan un encuentro del PJ en Moreno"},"content":{"rendered":"\n<h3 class=\"wp-block-heading\">La ex presidenta Cristina Kirchner, el gobernador de Buenos Aires, Axel Kicillof, y el ex ministro de Econom\u00eda Sergio Massa encabezan este lunes en encuentro del PJ en Moreno.<\/h3>\n\n\n\n<p>Los tres referentes se foteareon juntos en medio de la tensi\u00f3n entre el kircherismo y la gesti\u00f3n del gobernador provincial.<\/p>\n\n\n\n<p>Del encuentro tambi\u00e9n participa el diputado y l\u00edder de La C\u00e1mpora, M\u00e1ximo Kirchner.<\/p>\n\n\n\n<p>Noticia en desarrollo\u2026<\/p>\n","protected":false},"excerpt":{"rendered":"<p>La ex presidenta Cristina Kirchner, el gobernador de Buenos Aires, Axel Kicillof, y el ex ministro de Econom&iacute;a Sergio Massa encabezan este lunes en encuentro del PJ en Moreno. Los tres referentes se foteareon juntos en medio de la tensi&oacute;n entre el kircherismo y la gesti&oacute;n del gobernador provincial. Del encuentro tambi&eacute;n participa el diputado [&hellip;]<\/p>\n","protected":false},"author":2,"featured_media":9939,"comment_status":"open","ping_status":"open","sticky":false,"template":"","format":"standard","meta":{"footnotes":""},"categories":[5,176],"tags":[1112,3537,2850,3619,4532,1705],"class_list":["post-9938","post","type-post","status-publish","format-standard","has-post-thumbnail","hentry","category-nacionales","category-politica","tag-axel-kicillof","tag-cristina-kichner","tag-encuentro","tag-maximo-kirchner","tag-pj-moreno","tag-sergio-massa"],"_links":{"self":[{"href":"https:\/\/partediario.com.ar\/index.php?rest_route=\/wp\/v2\/posts\/9938","targetHints":{"allow":["GET"]}}],"collection":[{"href":"https:\/\/partediario.com.ar\/index.php?rest_route=\/wp\/v2\/posts"}],"about":[{"href":"https:\/\/partediario.com.ar\/index.php?rest_route=\/wp\/v2\/types\/post"}],"author":[{"embeddable":true,"href":"https:\/\/partediario.com.ar\/index.php?rest_route=\/wp\/v2\/users\/2"}],"replies":[{"embeddable":true,"href":"https:\/\/partediario.com.ar\/index.php?rest_route=%2Fwp%2Fv2%2Fcomments&post=9938"}],"version-history":[{"count":1,"href":"https:\/\/partediario.com.ar\/index.php?rest_route=\/wp\/v2\/posts\/9938\/revisions"}],"predecessor-version":[{"id":9940,"href":"https:\/\/partediario.com.ar\/index.php?rest_route=\/wp\/v2\/posts\/9938\/revisions\/9940"}],"wp:featuredmedia":[{"embeddable":true,"href":"https:\/\/partediario.com.ar\/index.php?rest_route=\/wp\/v2\/media\/9939"}],"wp:attachment":[{"href":"https:\/\/partediario.com.ar\/index.php?rest_route=%2Fwp%2Fv2%2Fmedia&parent=9938"}],"wp:term":[{"taxonomy":"category","embeddable":true,"href":"https:\/\/partediario.com.ar\/index.php?rest_route=%2Fwp%2Fv2%2Fcategories&post=9938"},{"taxonomy":"post_tag","embeddable":true,"href":"https:\/\/partediario.com.ar\/index.php?rest_route=%2Fwp%2Fv2%2Ftags&post=9938"}],"curies":[{"name":"wp","href":"https:\/\/api.w.org\/{rel}","templated":true}]}}