{"id":9944,"date":"2024-12-09T18:49:19","date_gmt":"2024-12-09T21:49:19","guid":{"rendered":"https:\/\/partediario.com.ar\/?p=9944"},"modified":"2024-12-10T15:02:17","modified_gmt":"2024-12-10T18:02:17","slug":"fallecio-hector-recalde-ex-diputado-peronista-y-abogado-ligado-al-gremialismo","status":"publish","type":"post","link":"https:\/\/partediario.com.ar\/?p=9944","title":{"rendered":"Falleci\u00f3 H\u00e9ctor Recalde, ex diputado peronista y abogado ligado al gremialismo"},"content":{"rendered":"\n<h3 class=\"wp-block-heading\">H\u00e9ctor Recalde ten\u00eda 86 a\u00f1os. M\u00e1ximo Kirchner lo confirm\u00f3 durante la cumbre del peronismo bonaerense que se celebra en Moreno.<\/h3>\n\n\n\n<p>El ex diputado nacional H\u00e9ctor Recalde, hist\u00f3rico abogado laboralista cercano a los sindicatos, muri\u00f3 a los 86 a\u00f1os.<\/p>\n\n\n\n<p>La noticia la confirm\u00f3 el titular del Partido Justicialista de Buenos Aires, M\u00e1ximo Kirchner, durante el encuentro del espacio desarrollado en la localidad bonaerense del PJ en Moreno.<\/p>\n\n\n\n<p>Recalde era abogado de la UBA, carrera en la que comenz\u00f3 a ejercer en 1964.<\/p>\n\n\n\n<p>Adem\u00e1s de su paso por el Congreso como diputado nacional fue un referente del sindicalismo y por muchos a\u00f1os abogado de la Confederaci\u00f3n General del Trabajo (CGT).<\/p>\n\n\n\n<p>Noticia en desarrollo\u2026<\/p>\n","protected":false},"excerpt":{"rendered":"<p>H&eacute;ctor Recalde ten&iacute;a 86 a&ntilde;os. M&aacute;ximo Kirchner lo confirm&oacute; durante la cumbre del peronismo bonaerense que se celebra en Moreno. El ex diputado nacional H&eacute;ctor Recalde, hist&oacute;rico abogado laboralista cercano a los sindicatos, muri&oacute; a los 86 a&ntilde;os. La noticia la confirm&oacute; el titular del Partido Justicialista de Buenos Aires, M&aacute;ximo Kirchner, durante el encuentro [&hellip;]<\/p>\n","protected":false},"author":2,"featured_media":9945,"comment_status":"open","ping_status":"open","sticky":false,"template":"","format":"standard","meta":{"footnotes":""},"categories":[5,176],"tags":[4534,3619,561],"class_list":["post-9944","post","type-post","status-publish","format-standard","has-post-thumbnail","hentry","category-nacionales","category-politica","tag-hector-recalde","tag-maximo-kirchner","tag-murio"],"_links":{"self":[{"href":"https:\/\/partediario.com.ar\/index.php?rest_route=\/wp\/v2\/posts\/9944","targetHints":{"allow":["GET"]}}],"collection":[{"href":"https:\/\/partediario.com.ar\/index.php?rest_route=\/wp\/v2\/posts"}],"about":[{"href":"https:\/\/partediario.com.ar\/index.php?rest_route=\/wp\/v2\/types\/post"}],"author":[{"embeddable":true,"href":"https:\/\/partediario.com.ar\/index.php?rest_route=\/wp\/v2\/users\/2"}],"replies":[{"embeddable":true,"href":"https:\/\/partediario.com.ar\/index.php?rest_route=%2Fwp%2Fv2%2Fcomments&post=9944"}],"version-history":[{"count":1,"href":"https:\/\/partediario.com.ar\/index.php?rest_route=\/wp\/v2\/posts\/9944\/revisions"}],"predecessor-version":[{"id":9946,"href":"https:\/\/partediario.com.ar\/index.php?rest_route=\/wp\/v2\/posts\/9944\/revisions\/9946"}],"wp:featuredmedia":[{"embeddable":true,"href":"https:\/\/partediario.com.ar\/index.php?rest_route=\/wp\/v2\/media\/9945"}],"wp:attachment":[{"href":"https:\/\/partediario.com.ar\/index.php?rest_route=%2Fwp%2Fv2%2Fmedia&parent=9944"}],"wp:term":[{"taxonomy":"category","embeddable":true,"href":"https:\/\/partediario.com.ar\/index.php?rest_route=%2Fwp%2Fv2%2Fcategories&post=9944"},{"taxonomy":"post_tag","embeddable":true,"href":"https:\/\/partediario.com.ar\/index.php?rest_route=%2Fwp%2Fv2%2Ftags&post=9944"}],"curies":[{"name":"wp","href":"https:\/\/api.w.org\/{rel}","templated":true}]}}