{"id":9970,"date":"2024-12-10T15:08:14","date_gmt":"2024-12-10T18:08:14","guid":{"rendered":"https:\/\/partediario.com.ar\/?p=9970"},"modified":"2024-12-11T19:01:15","modified_gmt":"2024-12-11T22:01:15","slug":"bullrich-explico-sobre-la-baja-de-la-edad-para-ser-legitimo-usuario-de-armas-y-destaco-que-se-trata-de-una-adecuacion","status":"publish","type":"post","link":"https:\/\/partediario.com.ar\/?p=9970","title":{"rendered":"Bullrich habl\u00f3 sobre la baja de la edad para ser leg\u00edtimo usuario de armas y destac\u00f3 que se trata de una \u201cadecuaci\u00f3n\u201d"},"content":{"rendered":"\n<h3 class=\"wp-block-heading\">La ministra de Seguridad, Patricia Bullrich, habl\u00f3 sobre la baja de la edad para poder ser leg\u00edtimo usuario de armas y precis\u00f3 que se trata de una \u201cadecuaci\u00f3n\u201d a la Ley N\u00b0 20.429 de C\u00f3digo Civil.<\/h3>\n\n\n\n<p>En un entrevista radial, la funcionaria indic\u00f3 por qu\u00e9 se dispuso esta modificaci\u00f3n: \u201cEs un acomodamiento al C\u00f3digo Civil, el cual hab\u00eda quedado desfasado en 21 a\u00f1os\u201d.<\/p>\n\n\n\n<p>Este martes, a trav\u00e9s del Decreto 1081\/2024 del Bolet\u00edn Oficial, se oficializ\u00f3 la modificaci\u00f3n del art\u00edculo 55 de la Ley N\u00b0 20.429 el cual establec\u00eda que una persona puede ser due\u00f1o de un arma a sus 21 a\u00f1os. Ahora, dicha edad fue reducida y se estableci\u00f3 que sea a partir de los 18 a\u00f1os.<\/p>\n\n\n\n<p>\u201cEs una adecuaci\u00f3n al C\u00f3digo Civil\u201d, agreg\u00f1o Bullrich sobre el decreto que gener\u00f3 ciertas cr\u00edticas y pol\u00e9micas.<\/p>\n\n\n\n<p>Por otra parte, contest\u00f3 sobre la baja de imputabilidad: \u201cHemos mandado la ley hace seis meses y ahora estamos esperando que el Congreso la pueda tratar\u201d.<\/p>\n\n\n\n<p>\u201cNosotros pedimos que baje a 13 a\u00f1os porque es la edad donde vemos una gran cantidad de casos. Entonces, queremos ir en 13, pero si a las 12 vos matas, no te vas a tu casa, tenes que hacer un tratamiento inmediatamente\u201d, explic\u00f3 y prosigui\u00f3: \u201cEl que mata no puede volver a su casa como si nada\u201d, concluy\u00f3.<\/p>\n","protected":false},"excerpt":{"rendered":"<p>La ministra de Seguridad, Patricia Bullrich, habl&oacute; sobre la baja de la edad para poder ser leg&iacute;timo usuario de armas y precis&oacute; que se trata de una &ldquo;adecuaci&oacute;n&rdquo; a la Ley N&deg; 20.429 de C&oacute;digo Civil. En un entrevista radial, la funcionaria indic&oacute; por qu&eacute; se dispuso esta modificaci&oacute;n: &ldquo;Es un acomodamiento al C&oacute;digo Civil, [&hellip;]<\/p>\n","protected":false},"author":2,"featured_media":9781,"comment_status":"open","ping_status":"open","sticky":false,"template":"","format":"standard","meta":{"footnotes":""},"categories":[5,176],"tags":[764,2150,4542,510,2500,4543],"class_list":["post-9970","post","type-post","status-publish","format-standard","has-post-thumbnail","hentry","category-nacionales","category-politica","tag-baja","tag-edad","tag-legitimo","tag-patricia-bullrich","tag-registro","tag-usuario"],"_links":{"self":[{"href":"https:\/\/partediario.com.ar\/index.php?rest_route=\/wp\/v2\/posts\/9970","targetHints":{"allow":["GET"]}}],"collection":[{"href":"https:\/\/partediario.com.ar\/index.php?rest_route=\/wp\/v2\/posts"}],"about":[{"href":"https:\/\/partediario.com.ar\/index.php?rest_route=\/wp\/v2\/types\/post"}],"author":[{"embeddable":true,"href":"https:\/\/partediario.com.ar\/index.php?rest_route=\/wp\/v2\/users\/2"}],"replies":[{"embeddable":true,"href":"https:\/\/partediario.com.ar\/index.php?rest_route=%2Fwp%2Fv2%2Fcomments&post=9970"}],"version-history":[{"count":2,"href":"https:\/\/partediario.com.ar\/index.php?rest_route=\/wp\/v2\/posts\/9970\/revisions"}],"predecessor-version":[{"id":9976,"href":"https:\/\/partediario.com.ar\/index.php?rest_route=\/wp\/v2\/posts\/9970\/revisions\/9976"}],"wp:featuredmedia":[{"embeddable":true,"href":"https:\/\/partediario.com.ar\/index.php?rest_route=\/wp\/v2\/media\/9781"}],"wp:attachment":[{"href":"https:\/\/partediario.com.ar\/index.php?rest_route=%2Fwp%2Fv2%2Fmedia&parent=9970"}],"wp:term":[{"taxonomy":"category","embeddable":true,"href":"https:\/\/partediario.com.ar\/index.php?rest_route=%2Fwp%2Fv2%2Fcategories&post=9970"},{"taxonomy":"post_tag","embeddable":true,"href":"https:\/\/partediario.com.ar\/index.php?rest_route=%2Fwp%2Fv2%2Ftags&post=9970"}],"curies":[{"name":"wp","href":"https:\/\/api.w.org\/{rel}","templated":true}]}}