{"id":9978,"date":"2024-12-11T08:39:45","date_gmt":"2024-12-11T11:39:45","guid":{"rendered":"https:\/\/partediario.com.ar\/?p=9978"},"modified":"2024-12-11T08:39:45","modified_gmt":"2024-12-11T11:39:45","slug":"finalizo-el-taller-de-alfabetizacion-digital-y-ciberseguridad-para-personas-mayores","status":"publish","type":"post","link":"https:\/\/partediario.com.ar\/?p=9978","title":{"rendered":"Finaliz\u00f3 el Taller de Alfabetizaci\u00f3n Digital y Ciberseguridad para personas mayores"},"content":{"rendered":"\n<h3 class=\"wp-block-heading\">La secretaria de Desarrollo Social y Humano, Sabina Etchart, junto al equipo del \u00c1rea del Adulto Mayor estuvieron presentes en la clase abierta a todo p\u00fablico que realizamos en el marco del cierre del taller de alfabetizaci\u00f3n digital y ciberseguridad.<\/h3>\n\n\n\n<p>La clase final se llev\u00f3 adelante en el Cine Teatro Victoria durante la ma\u00f1ana, en horas de la ma\u00f1ana del lunes pasado.<\/p>\n\n\n\n<p><\/p>\n\n\n\n<figure class=\"wp-block-image size-large\"><img loading=\"lazy\" decoding=\"async\" width=\"1024\" height=\"682\" src=\"https:\/\/partediario.com.ar\/wp-content\/uploads\/469752370_991791829642418_7179191631893368779_n-1024x682.jpg\" alt=\"\" class=\"wp-image-9979\" srcset=\"https:\/\/partediario.com.ar\/wp-content\/uploads\/469752370_991791829642418_7179191631893368779_n-1024x682.jpg 1024w, https:\/\/partediario.com.ar\/wp-content\/uploads\/469752370_991791829642418_7179191631893368779_n-300x200.jpg 300w, https:\/\/partediario.com.ar\/wp-content\/uploads\/469752370_991791829642418_7179191631893368779_n-768x512.jpg 768w, https:\/\/partediario.com.ar\/wp-content\/uploads\/469752370_991791829642418_7179191631893368779_n-1536x1023.jpg 1536w, https:\/\/partediario.com.ar\/wp-content\/uploads\/469752370_991791829642418_7179191631893368779_n.jpg 1600w\" sizes=\"auto, (max-width: 1024px) 100vw, 1024px\" \/><\/figure>\n\n\n\n<p><\/p>\n\n\n\n<figure class=\"wp-block-image size-large\"><img loading=\"lazy\" decoding=\"async\" width=\"1024\" height=\"682\" src=\"https:\/\/partediario.com.ar\/wp-content\/uploads\/469879847_991792172975717_3025285505788170544_n-1024x682.jpg\" alt=\"\" class=\"wp-image-9980\" srcset=\"https:\/\/partediario.com.ar\/wp-content\/uploads\/469879847_991792172975717_3025285505788170544_n-1024x682.jpg 1024w, https:\/\/partediario.com.ar\/wp-content\/uploads\/469879847_991792172975717_3025285505788170544_n-300x200.jpg 300w, https:\/\/partediario.com.ar\/wp-content\/uploads\/469879847_991792172975717_3025285505788170544_n-768x512.jpg 768w, https:\/\/partediario.com.ar\/wp-content\/uploads\/469879847_991792172975717_3025285505788170544_n-1536x1023.jpg 1536w, https:\/\/partediario.com.ar\/wp-content\/uploads\/469879847_991792172975717_3025285505788170544_n.jpg 1600w\" sizes=\"auto, (max-width: 1024px) 100vw, 1024px\" \/><\/figure>\n\n\n\n<p><\/p>\n\n\n\n<p>El evento cont\u00f3 con la presencia de licenciados en criminal\u00edstica y t\u00e9cnicos en documentolog\u00eda de la polic\u00eda que hablaron sobre medidas de seguridad del nuevo papel moneda (billetes de 2 mil, 10 mil y 20 mil pesos). Tambi\u00e9n, estuvo presente por el Banco de Entre R\u00edos el encargado de la sucursal Victoria, Sebasti\u00e1n Rivero, y representantes de otras instituciones.<\/p>\n","protected":false},"excerpt":{"rendered":"<p>La secretaria de Desarrollo Social y Humano, Sabina Etchart, junto al equipo del &Aacute;rea del Adulto Mayor estuvieron presentes en la clase abierta a todo p&uacute;blico que realizamos en el marco del cierre del taller de alfabetizaci&oacute;n digital y ciberseguridad. La clase final se llev&oacute; adelante en el Cine Teatro Victoria durante la ma&ntilde;ana, en [&hellip;]<\/p>\n","protected":false},"author":2,"featured_media":9981,"comment_status":"open","ping_status":"open","sticky":false,"template":"","format":"standard","meta":{"footnotes":""},"categories":[3272],"tags":[2851,4550,1379,4549,276,379],"class_list":["post-9978","post","type-post","status-publish","format-standard","has-post-thumbnail","hentry","category-municipales","tag-alfabetizacion","tag-ciberseguridad","tag-cierre","tag-digital","tag-taller","tag-victoria"],"_links":{"self":[{"href":"https:\/\/partediario.com.ar\/index.php?rest_route=\/wp\/v2\/posts\/9978","targetHints":{"allow":["GET"]}}],"collection":[{"href":"https:\/\/partediario.com.ar\/index.php?rest_route=\/wp\/v2\/posts"}],"about":[{"href":"https:\/\/partediario.com.ar\/index.php?rest_route=\/wp\/v2\/types\/post"}],"author":[{"embeddable":true,"href":"https:\/\/partediario.com.ar\/index.php?rest_route=\/wp\/v2\/users\/2"}],"replies":[{"embeddable":true,"href":"https:\/\/partediario.com.ar\/index.php?rest_route=%2Fwp%2Fv2%2Fcomments&post=9978"}],"version-history":[{"count":1,"href":"https:\/\/partediario.com.ar\/index.php?rest_route=\/wp\/v2\/posts\/9978\/revisions"}],"predecessor-version":[{"id":9982,"href":"https:\/\/partediario.com.ar\/index.php?rest_route=\/wp\/v2\/posts\/9978\/revisions\/9982"}],"wp:featuredmedia":[{"embeddable":true,"href":"https:\/\/partediario.com.ar\/index.php?rest_route=\/wp\/v2\/media\/9981"}],"wp:attachment":[{"href":"https:\/\/partediario.com.ar\/index.php?rest_route=%2Fwp%2Fv2%2Fmedia&parent=9978"}],"wp:term":[{"taxonomy":"category","embeddable":true,"href":"https:\/\/partediario.com.ar\/index.php?rest_route=%2Fwp%2Fv2%2Fcategories&post=9978"},{"taxonomy":"post_tag","embeddable":true,"href":"https:\/\/partediario.com.ar\/index.php?rest_route=%2Fwp%2Fv2%2Ftags&post=9978"}],"curies":[{"name":"wp","href":"https:\/\/api.w.org\/{rel}","templated":true}]}}