{"id":9984,"date":"2024-12-11T11:33:32","date_gmt":"2024-12-11T14:33:32","guid":{"rendered":"https:\/\/partediario.com.ar\/?p=9984"},"modified":"2024-12-12T17:10:32","modified_gmt":"2024-12-12T20:10:32","slug":"hondo-pesar-en-el-ambiente-artistico-por-el-fallecimiento-de-la-actriz-maria-socas","status":"publish","type":"post","link":"https:\/\/partediario.com.ar\/?p=9984","title":{"rendered":"Hondo pesar en el ambiente art\u00edstico por el fallecimiento de la actr\u00edz Mar\u00eda Socas"},"content":{"rendered":"\n<h3 class=\"wp-block-heading\">La actriz Mar\u00eda Socas muri\u00f3 a los 65 a\u00f1os, luego de permanecer internada en el Instituto Fleming de la Ciudad de Buenos Aires, a ra\u00edz de una larga enfermedad que estaba padeciendo.<\/h3>\n\n\n\n<p>La triste noticia fue confirmada por su amigo Gerard Confalonieri, quien se\u00f1al\u00f3 que Socas estaba hospitalizada desde hac\u00eda diez d\u00edas.<\/p>\n\n\n\n<p><\/p>\n\n\n\n<blockquote class=\"twitter-tweet\"><p lang=\"es\" dir=\"ltr\">Expresamos nuestra m\u00e1s profunda tristeza por el fallecimiento de la actriz y afiliada Mar\u00eda Socas, que ha dejado una imborrable huella en el cine, el teatro y la televisi\u00f3n argentina. Acompa\u00f1amos a sus familiares y seres queridos en este doloroso momento. <a href=\"https:\/\/t.co\/MV5VpcQoTt\">https:\/\/t.co\/MV5VpcQoTt<\/a> <a href=\"https:\/\/t.co\/73t6WKGmGk\">pic.twitter.com\/73t6WKGmGk<\/a><\/p>&mdash; Asociaci\u00f3n Argentina de Actores (@actoresprensa) <a href=\"https:\/\/twitter.com\/actoresprensa\/status\/1866679283348849021?ref_src=twsrc%5Etfw\">December 11, 2024<\/a><\/blockquote> <script async src=\"https:\/\/platform.twitter.com\/widgets.js\" charset=\"utf-8\"><\/script>\n\n\n\n<p><\/p>\n\n\n\n<p>Desde la Asociaci\u00f3n Argentina de Actores (AAA), manifestaron su tristeza por la muerte de la artista en su cuenta de X.<\/p>\n\n\n\n<p>\u00abExpresamos nuestra m\u00e1s profunda tristeza por el fallecimiento de la actriz y afiliada Mar\u00eda Socas, que ha dejado una imborrable huella en el cine, el teatro y la televisi\u00f3n argentina. Acompa\u00f1amos a sus familiares y seres queridos en este doloroso momento\u00bb, manifestaron desde la entidad.<\/p>\n\n\n\n<p>Mar\u00eda Socas naci\u00f3 el 12 de agosto de 1959 en Buenos Aires, Mar\u00eda era una reconocida actriz de cine teatro y televisi\u00f3n. Estaba en pareja con Rub\u00e9n Brenner, con quien tuvo a sus dos hijos, Sasha y Wanda.<\/p>\n\n\n\n<p>Socas se destac\u00f3 en la pantalla chica y en el teatro sobre todo, en este \u00faltimo protagoniz\u00f3 en 2014 \u00abEl secreto de la vida\u00bb, una obra dirigida por Jos\u00e9 Mar\u00eda Muscari, donde interpret\u00f3 a una mujer que espera un hijo junto al personaje de Brenda Gandini, gracias a una inseminaci\u00f3n artificial.<\/p>\n\n\n\n<p>Esta experiencia fue un desaf\u00edo para Socas, especialmente por una escena en la que deb\u00eda besar a Gandini.<\/p>\n\n\n\n<p>\u00abBesar a una mujer es igual que besar a un hombre\u00bb, dijo en su momento, y acot\u00f3 que el mayor reto era lograr la verosimilitud de la escena para el p\u00fablico.<\/p>\n\n\n\n<p>En 2018, Socas regres\u00f3 a los escenarios con la obra \u00abBrujas\u00bb, un cl\u00e1sico del teatro argentino que regres\u00f3 con un elenco renovado.<\/p>\n\n\n\n<p>Junto a figuras como In\u00e9s Est\u00e9vez, Andrea Bonelli, Viviana Saccone y Romina Ricci, la actriz demostr\u00f3 su vigencia y versatilidad en un proyecto que atrajo a multitudes en Villa Carlos Paz.<\/p>\n\n\n\n<p>En televisi\u00f3n, particip\u00f3 de grandes \u00e9xitos como \u00abAtreverse\u00bb, el unitario que se emiti\u00f3 entre 1990 y 1991, por Telefe, que consolid\u00f3 a\u00fan m\u00e1s su carrera de la mano del director Alejandro Doria, \u00abTiempo Final\u00bb, \u00abAmor en custodia\u00bb, \u00abMujeres Asesinas\u00bb, \u00abAmas de casa desesperadas\u00bb, \u00abMujeres de nadie\u00bb, \u00abSantos y Pecadores\u00bb, \u00abLa Celebraci\u00f3n\u00bb, \u00abEl maestro\u00bb, entre otras.<\/p>\n\n\n\n<p>En cine particip\u00f3 de filmes como \u00abNo habr\u00e1 m\u00e1s penas ni olvido\u00bb, \u00abLos chicos de la guerra\u00bb, \u00abKamchatka\u00bb, \u00abEl espejo de los otros\u00bb, \u00abLa sangre roja\u00bb.<\/p>\n\n\n\n<p>Adem\u00e1s se destac\u00f3 en teatro, con piezas como \u00abNuestro fin de semana\u00bb, \u00abGorda\u00bb, \u00abPor amor a Lou\u00bb, \u00abBrujas\u00bb, \u00abPlatonov\u00bb.<\/p>\n","protected":false},"excerpt":{"rendered":"<p>La actriz Mar&iacute;a Socas muri&oacute; a los 65 a&ntilde;os, luego de permanecer internada en el Instituto Fleming de la Ciudad de Buenos Aires, a ra&iacute;z de una larga enfermedad que estaba padeciendo. La triste noticia fue confirmada por su amigo Gerard Confalonieri, quien se&ntilde;al&oacute; que Socas estaba hospitalizada desde hac&iacute;a diez d&iacute;as. Expresamos nuestra m&aacute;s [&hellip;]<\/p>\n","protected":false},"author":2,"featured_media":9985,"comment_status":"open","ping_status":"open","sticky":false,"template":"","format":"standard","meta":{"footnotes":""},"categories":[4329,5],"tags":[4551,561],"class_list":["post-9984","post","type-post","status-publish","format-standard","has-post-thumbnail","hentry","category-espectaculos","category-nacionales","tag-maria-socas","tag-murio"],"_links":{"self":[{"href":"https:\/\/partediario.com.ar\/index.php?rest_route=\/wp\/v2\/posts\/9984","targetHints":{"allow":["GET"]}}],"collection":[{"href":"https:\/\/partediario.com.ar\/index.php?rest_route=\/wp\/v2\/posts"}],"about":[{"href":"https:\/\/partediario.com.ar\/index.php?rest_route=\/wp\/v2\/types\/post"}],"author":[{"embeddable":true,"href":"https:\/\/partediario.com.ar\/index.php?rest_route=\/wp\/v2\/users\/2"}],"replies":[{"embeddable":true,"href":"https:\/\/partediario.com.ar\/index.php?rest_route=%2Fwp%2Fv2%2Fcomments&post=9984"}],"version-history":[{"count":1,"href":"https:\/\/partediario.com.ar\/index.php?rest_route=\/wp\/v2\/posts\/9984\/revisions"}],"predecessor-version":[{"id":9986,"href":"https:\/\/partediario.com.ar\/index.php?rest_route=\/wp\/v2\/posts\/9984\/revisions\/9986"}],"wp:featuredmedia":[{"embeddable":true,"href":"https:\/\/partediario.com.ar\/index.php?rest_route=\/wp\/v2\/media\/9985"}],"wp:attachment":[{"href":"https:\/\/partediario.com.ar\/index.php?rest_route=%2Fwp%2Fv2%2Fmedia&parent=9984"}],"wp:term":[{"taxonomy":"category","embeddable":true,"href":"https:\/\/partediario.com.ar\/index.php?rest_route=%2Fwp%2Fv2%2Fcategories&post=9984"},{"taxonomy":"post_tag","embeddable":true,"href":"https:\/\/partediario.com.ar\/index.php?rest_route=%2Fwp%2Fv2%2Ftags&post=9984"}],"curies":[{"name":"wp","href":"https:\/\/api.w.org\/{rel}","templated":true}]}}