{"id":9989,"date":"2024-12-11T18:47:22","date_gmt":"2024-12-11T21:47:22","guid":{"rendered":"https:\/\/partediario.com.ar\/?p=9989"},"modified":"2024-12-12T17:10:19","modified_gmt":"2024-12-12T20:10:19","slug":"villarruel-convoco-a-sesion-especial-en-el-senado-para-tratar-los-actos-inmorales-del-senador-entrerriano-edgardo-kueider","status":"publish","type":"post","link":"https:\/\/partediario.com.ar\/?p=9989","title":{"rendered":"Villarruel convoc\u00f3 a sesi\u00f3n especial en el Senado para tratar los \u00abactos inmorales\u00bb del senador entrerriano Edgardo Kueider"},"content":{"rendered":"\n<h3 class=\"wp-block-heading\">La presidenta del Senado convoc\u00f3 a la sesi\u00f3n donde se determinar\u00e1 si se echa o se suspende a Edgardo Kueider, al tiempo que lament\u00f3 que no se haya incluido el tratamiento de la suspensi\u00f3n de Oscar Parrilli, quien va a juicio oral acusado de \u00abtraici\u00f3n a la patria\u00bb.<\/h3>\n\n\n\n<p>La presidenta del Senado, Victoria Villarruel convoc\u00f3 la sesi\u00f3n para ma\u00f1ana a las 11, donde se analizar\u00e1n si se echar\u00e1 o suspender\u00e1 al senador de Unidad Federal Edgardo Kueider y mencion\u00f3 que realiz\u00f3 esta citaci\u00f3n para que \u201ctratemos los actos inmorales que son de publico conocimiento\u201d del legislador de Entre Rios detenido con 200 mil d\u00f3lares sin declarar.<\/p>\n\n\n\n<p><\/p>\n\n\n\n<blockquote class=\"twitter-tweet\"><p lang=\"es\" dir=\"ltr\">Para no dilatar los tiempos, junto al presidente Provisional Abdala llamamos a una sesi\u00f3n ma\u00f1ana para que tratemos los actos inmorales que son de p\u00fablico conocimiento del senador Kueider, y que exponen una vez m\u00e1s la hipocres\u00eda del kirchnerismo. <br>Lo de Kueider es sin dudas un\u2026 <a href=\"https:\/\/t.co\/pFuMkRdKoz\">pic.twitter.com\/pFuMkRdKoz<\/a><\/p>&mdash; Victoria Villarruel (@VickyVillarruel) <a href=\"https:\/\/twitter.com\/VickyVillarruel\/status\/1866884545657688384?ref_src=twsrc%5Etfw\">December 11, 2024<\/a><\/blockquote> <script async src=\"https:\/\/platform.twitter.com\/widgets.js\" charset=\"utf-8\"><\/script>\n\n\n\n<p><\/p>\n\n\n\n<p>A trav\u00e9s de la red social X, Villarruel lament\u00f3 adem\u00e1s que no se haya incluido un pedido del senador de la Libertad Avanza, Bartolom\u00e9 Abdala, para suspender a Oscar Parrilli, uien ir\u00e1 juicio oral por \u201cencubrimiento agravado y traici\u00f3n a la Patria\u201d.<\/p>\n\n\n\n<p>La sesi\u00f3n fue solicitada por un lado, por el interbloque kirchnerista, que conduce Jos\u00e9 Mayans con el objetivo de remover de su cargo a Kueider, y otro lado por la Libertad Avanza junto al PRO para suspender al senador entrerriano hasta marzo.<\/p>\n\n\n\n<p>\u201cPara no dilatar los tiempos, junto al presidente Provisional Abdala llamamos a una sesi\u00f3n ma\u00f1ana para que tratemos los actos inmorales que son de p\u00fablico conocimiento del senador Kueider, y que exponen una vez m\u00e1s la hipocres\u00eda del kirchnerismo\u201d, destac\u00f3 Villarruel.<\/p>\n\n\n\n<p>Expres\u00f3 adem\u00e1s que \u201clo de Kueider es sin dudas un bochorno que merece recibir un castigo ejemplar, aunque al kirchnerismo lo \u00fanico que le importa es quedarse con su banca (s\u00ed, Kueider entr\u00f3 en la boleta de Cristina) y as\u00ed entorpecer la tarea de nuestro Gobierno\u00bb.<\/p>\n\n\n\n<p>Si se llegara a la expulsi\u00f3n del senador detenido en Paraguay ingresar\u00e1 en su lugar la dirigente camporista Stefania Cora.<\/p>\n\n\n\n<p>\u201cDe esta manera, aprovechando la milagrosa nueva lucidez moral y \u00e9tica de los esbirros de Cristina, me hubiera gustado incluir tambi\u00e9n, un proyecto presentado por el senador Abdala para suspender al senador Parrilli, quien ir\u00e1 a juicio oral nada m\u00e1s y nada menos que por encubrimiento agravado y TRAICI\u00d3N A LA PATRIA, pero no hubo consenso entre los senadores para firmar ese pedido lo cual lamento enormemente\u201d, apunt\u00f3 la vicepresidenta de la Naci\u00f3n.<\/p>\n\n\n\n<p>Se\u00f1al\u00f3 adem\u00e1s que: \u201chaber negociado la sangre derramada de argentinos inocentes es imperdonable y los argentinos de bien no queremos traidores a la Patria caminando por los pasillos de la C\u00e1mara por lo cual espero que los senadores de todos los bloques recapaciten y entiendan el cambio de \u00e9poca de una vez por todas. Lleg\u00f3 la hora de sacar la mugre del Senado, sin contemplaciones ante la corrupci\u00f3n que puso a nuestro pa\u00eds de rodillas\u201d, finaliz\u00f3.<\/p>\n","protected":false},"excerpt":{"rendered":"<p>La presidenta del Senado convoc&oacute; a la sesi&oacute;n donde se determinar&aacute; si se echa o se suspende a Edgardo Kueider, al tiempo que lament&oacute; que no se haya incluido el tratamiento de la suspensi&oacute;n de Oscar Parrilli, quien va a juicio oral acusado de &laquo;traici&oacute;n a la patria&raquo;. La presidenta del Senado, Victoria Villarruel convoc&oacute; [&hellip;]<\/p>\n","protected":false},"author":2,"featured_media":9990,"comment_status":"open","ping_status":"open","sticky":false,"template":"","format":"standard","meta":{"footnotes":""},"categories":[5,176],"tags":[280,4552,230,2768,233],"class_list":["post-9989","post","type-post","status-publish","format-standard","has-post-thumbnail","hentry","category-nacionales","category-politica","tag-edgardo-kueider","tag-especial","tag-senado","tag-sesion","tag-victoria-villarruel"],"_links":{"self":[{"href":"https:\/\/partediario.com.ar\/index.php?rest_route=\/wp\/v2\/posts\/9989","targetHints":{"allow":["GET"]}}],"collection":[{"href":"https:\/\/partediario.com.ar\/index.php?rest_route=\/wp\/v2\/posts"}],"about":[{"href":"https:\/\/partediario.com.ar\/index.php?rest_route=\/wp\/v2\/types\/post"}],"author":[{"embeddable":true,"href":"https:\/\/partediario.com.ar\/index.php?rest_route=\/wp\/v2\/users\/2"}],"replies":[{"embeddable":true,"href":"https:\/\/partediario.com.ar\/index.php?rest_route=%2Fwp%2Fv2%2Fcomments&post=9989"}],"version-history":[{"count":1,"href":"https:\/\/partediario.com.ar\/index.php?rest_route=\/wp\/v2\/posts\/9989\/revisions"}],"predecessor-version":[{"id":9991,"href":"https:\/\/partediario.com.ar\/index.php?rest_route=\/wp\/v2\/posts\/9989\/revisions\/9991"}],"wp:featuredmedia":[{"embeddable":true,"href":"https:\/\/partediario.com.ar\/index.php?rest_route=\/wp\/v2\/media\/9990"}],"wp:attachment":[{"href":"https:\/\/partediario.com.ar\/index.php?rest_route=%2Fwp%2Fv2%2Fmedia&parent=9989"}],"wp:term":[{"taxonomy":"category","embeddable":true,"href":"https:\/\/partediario.com.ar\/index.php?rest_route=%2Fwp%2Fv2%2Fcategories&post=9989"},{"taxonomy":"post_tag","embeddable":true,"href":"https:\/\/partediario.com.ar\/index.php?rest_route=%2Fwp%2Fv2%2Ftags&post=9989"}],"curies":[{"name":"wp","href":"https:\/\/api.w.org\/{rel}","templated":true}]}}