{"id":9996,"date":"2024-12-11T19:00:38","date_gmt":"2024-12-11T22:00:38","guid":{"rendered":"https:\/\/partediario.com.ar\/?p=9996"},"modified":"2024-12-13T08:49:06","modified_gmt":"2024-12-13T11:49:06","slug":"es-oficial-la-argentina-sera-sede-de-un-partido-del-mundial-2030-y-ya-se-definio-el-estadio","status":"publish","type":"post","link":"https:\/\/partediario.com.ar\/?p=9996","title":{"rendered":"Es oficial: la Argentina ser\u00e1 sede de un partido del Mundial 2030 y ya se defini\u00f3 el estadio"},"content":{"rendered":"\n<h3 class=\"wp-block-heading\">Claudio \u00abChiqui\u00bb Tapia, presidente de la Asociaci\u00f3n del F\u00fatbol Argentino (AFA), valor\u00f3 que la FIFA elija a Sudam\u00e9rica como sede del Mundial 2030, ya que \u00abreivindica la historia\u00bb. Seg\u00fan las im\u00e1genes compartidas por Conmebol, la sede ser\u00eda el estadio de River.<\/h3>\n\n\n\n<p>\u00abHoy va a ser un d\u00eda hist\u00f3rico para el f\u00fatbol mundial y Sudamericano. Este no va a ser un Mundial m\u00e1s, el de 2030 reivindica la historia de todos los mundiales\u00bb, comenz\u00f3 Tapia en el Congreso de FIFA.<\/p>\n\n\n\n<p>\u00abEl Mundial de 2030 conjuntamente con Uruguay, Paraguay, Espa\u00f1a, Portugal y Marruecos va a ser una clara demostraci\u00f3n de que el f\u00fatbol une\u00bb, subray\u00f3.<\/p>\n\n\n\n<p>\u00abMuchas veces nos cuesta ponernos de acuerdo, pero hoy estamos demostrando lo que representa el f\u00fatbol para nosotros\u00bb, agreg\u00f3 Tapia.<\/p>\n\n\n\n<p>Por su parte, Alejandro Dom\u00ednguez, presidente de Conmebol, destac\u00f3 el valor e importancia de que la Copa del Mundo 2030 se inaugure en Sudam\u00e9rica, ya que permite \u201crecordar a los que nos precedieron\u201d y, remarc\u00f3 que la elecci\u00f3n por parte de la FIFA significa \u201cun d\u00eda hist\u00f3rico\u201d.<\/p>\n\n\n\n<p>\u201cEstamos ante un d\u00eda hist\u00f3rico. Uruguay fue el primer pa\u00eds que se propuso como anfitri\u00f3n del primer Mundial. Tenemos la responsabilidad de recordar a los que nos precedieron\u201d, arranc\u00f3 diciendo el mandatario del f\u00fatbol sudamericano.<\/p>\n\n\n\n<p>Y agreg\u00f3: \u00abEl f\u00fatbol nos une. Debemos decidir y demostrar que podemos hacer un trabajo equipo, uniendo tres continentes detr\u00e1s del la pasi\u00f3n, del f\u00fatbol y detr\u00e1s de la pelota\u00bb.<\/p>\n\n\n\n<p>\u201cHoy no estamos decidiendo la sede un Mundial m\u00e1s, hoy estamos decidiendo la sede del centenario del Mundial. Es la fiesta que va a marcar a la FIFA desde hoy a la eternidad\u201d, destac\u00f3.<\/p>\n\n\n\n<p>\u201cHoy tenemos la responsabilidad de hacer historia. Estamos en una fecha hist\u00f3rica donde podemos demostrar que podemos unir a tres continentes. Queremos ser sede del mundial donde todo comenz\u00f3. Nosotros, Argentina, Uruguay y Paraguay estamos listos para realizarlo con Espa\u00f1a, Portugal y Marruecos. Hoy honramos el pasado celebrando el presente\u201d, concluy\u00f3.<\/p>\n\n\n\n<p><strong>La palabra del presidente de FIFA.<\/strong><\/p>\n\n\n\n<p>El presidente de la FIFA, Gianni Infantino, comand\u00f3 este mi\u00e9rcoles el Consejo Extraordinario \u00abpara dar los organizadores de los Mundiales 2030 y 2034\u00bb.<\/p>\n\n\n\n<p>\u00abEn 2030, llegaremos a los 100 a\u00f1os de la copa. Que mejor manera que celebrar un Mundial en seis pa\u00edses, tres continentes y 104 partidos. El mundo se parar\u00e1 para velo. En 2034, se celebrar\u00e1 el primer mundial del nuevo centenario\u00bb, subray\u00f3.<\/p>\n\n\n\n<p>\u201cQuiero expresar mi mas sincero agradecimiento a los seis presidentes de la confederaciones, a los integrantes del consejo, por su liderazgo y valor por la votaci\u00f3n unanime. Se eligi\u00f3 una propuesta para unir al mundo y fue posible porque hemos hecho una gala de respeto mutuo, todos han estado dispuestos a ceder ante otro y acercarse\u201d, indic\u00f3 Infantino.<\/p>\n","protected":false},"excerpt":{"rendered":"<p>Claudio &laquo;Chiqui&raquo; Tapia, presidente de la Asociaci&oacute;n del F&uacute;tbol Argentino (AFA), valor&oacute; que la FIFA elija a Sudam&eacute;rica como sede del Mundial 2030, ya que &laquo;reivindica la historia&raquo;. Seg&uacute;n las im&aacute;genes compartidas por Conmebol, la sede ser&iacute;a el estadio de River. &laquo;Hoy va a ser un d&iacute;a hist&oacute;rico para el f&uacute;tbol mundial y Sudamericano. Este [&hellip;]<\/p>\n","protected":false},"author":2,"featured_media":9997,"comment_status":"open","ping_status":"open","sticky":false,"template":"","format":"standard","meta":{"footnotes":""},"categories":[4,5],"tags":[411,4553,4453,397],"class_list":["post-9996","post","type-post","status-publish","format-standard","has-post-thumbnail","hentry","category-deportes","category-nacionales","tag-argentina","tag-mundial-2030","tag-partido","tag-sede"],"_links":{"self":[{"href":"https:\/\/partediario.com.ar\/index.php?rest_route=\/wp\/v2\/posts\/9996","targetHints":{"allow":["GET"]}}],"collection":[{"href":"https:\/\/partediario.com.ar\/index.php?rest_route=\/wp\/v2\/posts"}],"about":[{"href":"https:\/\/partediario.com.ar\/index.php?rest_route=\/wp\/v2\/types\/post"}],"author":[{"embeddable":true,"href":"https:\/\/partediario.com.ar\/index.php?rest_route=\/wp\/v2\/users\/2"}],"replies":[{"embeddable":true,"href":"https:\/\/partediario.com.ar\/index.php?rest_route=%2Fwp%2Fv2%2Fcomments&post=9996"}],"version-history":[{"count":1,"href":"https:\/\/partediario.com.ar\/index.php?rest_route=\/wp\/v2\/posts\/9996\/revisions"}],"predecessor-version":[{"id":9998,"href":"https:\/\/partediario.com.ar\/index.php?rest_route=\/wp\/v2\/posts\/9996\/revisions\/9998"}],"wp:featuredmedia":[{"embeddable":true,"href":"https:\/\/partediario.com.ar\/index.php?rest_route=\/wp\/v2\/media\/9997"}],"wp:attachment":[{"href":"https:\/\/partediario.com.ar\/index.php?rest_route=%2Fwp%2Fv2%2Fmedia&parent=9996"}],"wp:term":[{"taxonomy":"category","embeddable":true,"href":"https:\/\/partediario.com.ar\/index.php?rest_route=%2Fwp%2Fv2%2Fcategories&post=9996"},{"taxonomy":"post_tag","embeddable":true,"href":"https:\/\/partediario.com.ar\/index.php?rest_route=%2Fwp%2Fv2%2Ftags&post=9996"}],"curies":[{"name":"wp","href":"https:\/\/api.w.org\/{rel}","templated":true}]}}